{"id":921,"date":"2024-10-23T18:10:36","date_gmt":"2024-10-23T18:10:36","guid":{"rendered":"https:\/\/ivonneblanc.com\/ivonne-blanc-psicologa-en-montevideo\/?p=921"},"modified":"2024-10-23T19:59:54","modified_gmt":"2024-10-23T19:59:54","slug":"salud-y-salud-mental","status":"publish","type":"post","link":"https:\/\/ivonneblanc.com\/ivonne-blanc-psicologa-en-montevideo\/salud-y-salud-mental\/","title":{"rendered":"Salud y salud mental"},"content":{"rendered":"<p><a href=\"https:\/\/ivonneblanc.com\/wp-content\/uploads\/2024\/10\/pile-8260617_1280.jpg\"><img loading=\"lazy\" decoding=\"async\" class=\"aligncenter size-full wp-image-924\" src=\"https:\/\/ivonneblanc.com\/wp-content\/uploads\/2024\/10\/pile-8260617_1280.jpg\" alt=\"Salud y salud mental\" width=\"1280\" height=\"822\" srcset=\"https:\/\/ivonneblanc.com\/wp-content\/uploads\/2024\/10\/pile-8260617_1280.jpg 1280w, https:\/\/ivonneblanc.com\/wp-content\/uploads\/2024\/10\/pile-8260617_1280-300x193.jpg 300w, https:\/\/ivonneblanc.com\/wp-content\/uploads\/2024\/10\/pile-8260617_1280-1024x658.jpg 1024w, https:\/\/ivonneblanc.com\/wp-content\/uploads\/2024\/10\/pile-8260617_1280-768x493.jpg 768w, https:\/\/ivonneblanc.com\/wp-content\/uploads\/2024\/10\/pile-8260617_1280-192x123.jpg 192w\" sizes=\"auto, (max-width: 1280px) 100vw, 1280px\" \/><\/a>Hace un tiempo realic\u00e9 una publicaci\u00f3n en redes con respecto a la salud y salud mental en particular. Y recib\u00ed un comentario que llam\u00f3 bastante mi atenci\u00f3n, cuestionando el tema de la <a href=\"https:\/\/ivonneblanc.com\/ivonne-blanc-psicologa-en-montevideo\/el-miedo-a-la-pastilla\/\">medicaci\u00f3n<\/a>.<\/p>\n<p>Reduciendo el concepto salud mental a una de sus patas, la rehabilitaci\u00f3n.<\/p>\n<p>Porque la salud mental, tiene por lo menos tres patas: <strong>Promoci\u00f3n<\/strong> (educaci\u00f3n en el control de la salud), <strong>Prevenci\u00f3n<\/strong> (evitar factores de riesgo e incentivo de factores protectores) y <strong>Rehabilitaci\u00f3n<\/strong> (cuando el padecimiento est\u00e1 instalado).<\/p>\n<p>Por eso me pareci\u00f3 importante escribir un poco sobre este tema, de acuerdo a mi concepci\u00f3n de salud en este momento.<\/p>\n<p>Y digo este momento, porque por suerte, estamos en cambio constante. Hoy puedo tener esta idea, y ma\u00f1ana ampliarse mi forma de ver.<\/p>\n<p><strong>Contexto\u2026<\/strong><\/p>\n<p>Justo aqu\u00ed en Uruguay estamos en tiempos electorales y los candidatos tienen como discurso entre otras cosas, el mejoramiento en las condiciones de salud mental de nuestra poblaci\u00f3n, dado que hay niveles alt\u00edsimos de autoeliminaci\u00f3n.<\/p>\n<p>Adem\u00e1s, es muy dif\u00edcil acceder a nivel mutual a una atenci\u00f3n digna, y en los tiempos que se requiere.<\/p>\n<p>Me pregunto si las intenciones pol\u00edticas van en el mismo sentido que el comentario recibido en redes, lo cual ser\u00eda terrible.<\/p>\n<p>Entiendo que las condiciones de asistencia, tienen que ver con la prevenci\u00f3n tambi\u00e9n.<\/p>\n<p>Pero es una realidad bastante com\u00fan que las personas decidan consultar cuando \u201cYa no pueden m\u00e1s\u201d.<\/p>\n<p><strong>\u201cConsultar cuando no puedo m\u00e1s\u201d <a href=\"https:\/\/ivonneblanc.com\/ivonne-blanc-psicologa-en-montevideo\/cuando-ir-a-un-psicologo\/\">Tab\u00fa<\/a>, lo econ\u00f3mico y la falta de Promoci\u00f3n de salud.<\/strong><\/p>\n<p>Ya desde aqu\u00ed hay un error, en el concepto de salud, dado que est\u00e1 perfecto consultar, pero deber\u00eda ser antes.<\/p>\n<p>Claro que hay cuestiones que inciden: cuestiones sociales, con respecto a consultar por salud mental (tab\u00fa) y seguramente hay otros factores que inciden a nivel educativo y econ\u00f3mico.<\/p>\n<p>Adem\u00e1s de lo contextual. No somos ajenos a la <a href=\"https:\/\/ivonneblanc.com\/ivonne-blanc-psicologa-en-montevideo\/una-solucion-rapida-para-mis-problemas\/\">importancia de lo inmediato en estos tiempos<\/a>. La soluci\u00f3n ya. Y como dice una conocida, la biolog\u00eda no es matem\u00e1ticas. Los tratamientos son procesos, no podemos medirlos a trav\u00e9s de la rapidez.<\/p>\n<p>Sacando lo econ\u00f3mico, las cuestiones que tienen que ver con Tab\u00faes e <a href=\"https:\/\/ivonneblanc.com\/ivonne-blanc-psicologa-en-montevideo\/motivacion-en-psicoterapia\/\">inmediatez<\/a> son cuestiones que se podr\u00edan abordar con una estrategia en promoci\u00f3n de salud, que a mi entender ha brillado por su ausencia.<\/p>\n<p><strong>Cuestiones de base<\/strong><\/p>\n<p>No podemos pretender trabajar en salud, si no existe el acceso a los derechos humanos fundamentales: vivienda, alimentaci\u00f3n, educaci\u00f3n, etc.<\/p>\n<p>Por suerte la salud es mucho m\u00e1s amplia que contratar 10 psiquiatras m\u00e1s o 10 psic\u00f3logos m\u00e1s. Es m\u00e1s que habilitar centros de rehabilitaci\u00f3n.<\/p>\n<p>Pensar solamente, en rehabilitaci\u00f3n es una mirada reduccionista de un fen\u00f3meno tan complejo como la salud.<\/p>\n<p>Por eso sent\u00ed que deb\u00eda compartir esta cuesti\u00f3n y no dejarla pasar. Porque s\u00e9 que \u00e9ste es un concepto de salud (reduccionista) que anda circulando y verdaderamente en mi forma de ver, es muy da\u00f1ino.<\/p>\n","protected":false},"excerpt":{"rendered":"<p>Hace un tiempo realic\u00e9 una publicaci\u00f3n en redes con respecto a la salud y salud mental en particular. Y recib\u00ed un comentario que llam\u00f3 bastante mi atenci\u00f3n, cuestionando el tema de la medicaci\u00f3n. Reduciendo el concepto salud mental a una de sus patas, la rehabilitaci\u00f3n. Porque la salud mental, tiene por lo menos tres patas: &hellip; <a href=\"https:\/\/ivonneblanc.com\/ivonne-blanc-psicologa-en-montevideo\/salud-y-salud-mental\/\" class=\"more-link\">Contin\u00faa leyendo <span class=\"screen-reader-text\">Salud y salud mental<\/span><\/a><\/p>\n","protected":false},"author":4,"featured_media":0,"comment_status":"open","ping_status":"open","sticky":false,"template":"","format":"standard","meta":{"_joinchat":[],"footnotes":""},"categories":[1],"tags":[],"class_list":["post-921","post","type-post","status-publish","format-standard","hentry","category-autoayuda"],"yoast_head":"<!-- This site is optimized with the Yoast SEO plugin v27.5 - https:\/\/yoast.com\/product\/yoast-seo-wordpress\/ -->\n<title>Salud y salud mental - Psic\u00f3loga Ivonne Blanc<\/title>\n<meta name=\"description\" content=\"La salud mental tiene que ver con la consulta con psiquiatra y psic\u00f3logo. \u00bfEsa es la concepci\u00f3n? \u00bfQue otros factotes inciden?\" \/>\n<meta name=\"robots\" content=\"index, follow, max-snippet:-1, max-image-preview:large, max-video-preview:-1\" \/>\n<link rel=\"canonical\" href=\"https:\/\/ivonneblanc.com\/ivonne-blanc-psicologa-en-montevideo\/salud-y-salud-mental\/\" \/>\n<meta property=\"og:locale\" content=\"es_ES\" \/>\n<meta property=\"og:type\" content=\"article\" \/>\n<meta property=\"og:title\" content=\"Salud y salud mental - Psic\u00f3loga Ivonne Blanc\" \/>\n<meta property=\"og:description\" content=\"La salud mental tiene que ver con la consulta con psiquiatra y psic\u00f3logo. \u00bfEsa es la concepci\u00f3n? \u00bfQue otros factotes inciden?\" \/>\n<meta property=\"og:url\" content=\"https:\/\/ivonneblanc.com\/ivonne-blanc-psicologa-en-montevideo\/salud-y-salud-mental\/\" \/>\n<meta property=\"og:site_name\" content=\"Psic\u00f3loga Ivonne Blanc\" \/>\n<meta property=\"article:author\" content=\"https:\/\/www.facebook.com\/PsicologaIvonneBlanc\" \/>\n<meta property=\"article:published_time\" content=\"2024-10-23T18:10:36+00:00\" \/>\n<meta property=\"article:modified_time\" content=\"2024-10-23T19:59:54+00:00\" \/>\n<meta property=\"og:image\" content=\"https:\/\/ivonneblanc.com\/wp-content\/uploads\/2024\/10\/pile-8260617_1280.jpg\" \/>\n\t<meta property=\"og:image:width\" content=\"1280\" \/>\n\t<meta property=\"og:image:height\" content=\"822\" \/>\n\t<meta property=\"og:image:type\" content=\"image\/jpeg\" \/>\n<meta name=\"author\" content=\"Ivonne Blanc\" \/>\n<meta name=\"twitter:card\" content=\"summary_large_image\" \/>\n<meta name=\"twitter:label1\" content=\"Escrito por\" \/>\n\t<meta name=\"twitter:data1\" content=\"Ivonne Blanc\" \/>\n\t<meta name=\"twitter:label2\" content=\"Tiempo de lectura\" \/>\n\t<meta name=\"twitter:data2\" content=\"3 minutos\" \/>\n<script type=\"application\/ld+json\" class=\"yoast-schema-graph\">{\"@context\":\"https:\\\/\\\/schema.org\",\"@graph\":[{\"@type\":\"Article\",\"@id\":\"https:\\\/\\\/ivonneblanc.com\\\/ivonne-blanc-psicologa-en-montevideo\\\/salud-y-salud-mental\\\/#article\",\"isPartOf\":{\"@id\":\"https:\\\/\\\/ivonneblanc.com\\\/ivonne-blanc-psicologa-en-montevideo\\\/salud-y-salud-mental\\\/\"},\"author\":{\"name\":\"Ivonne Blanc\",\"@id\":\"https:\\\/\\\/ivonneblanc.com\\\/ivonne-blanc-psicologa-en-montevideo\\\/#\\\/schema\\\/person\\\/1faf0bc4bbe8ab6f86087f6ca1a937ec\"},\"headline\":\"Salud y salud mental\",\"datePublished\":\"2024-10-23T18:10:36+00:00\",\"dateModified\":\"2024-10-23T19:59:54+00:00\",\"mainEntityOfPage\":{\"@id\":\"https:\\\/\\\/ivonneblanc.com\\\/ivonne-blanc-psicologa-en-montevideo\\\/salud-y-salud-mental\\\/\"},\"wordCount\":517,\"commentCount\":0,\"image\":{\"@id\":\"https:\\\/\\\/ivonneblanc.com\\\/ivonne-blanc-psicologa-en-montevideo\\\/salud-y-salud-mental\\\/#primaryimage\"},\"thumbnailUrl\":\"https:\\\/\\\/ivonneblanc.com\\\/wp-content\\\/uploads\\\/2024\\\/10\\\/pile-8260617_1280.jpg\",\"articleSection\":[\"Autoayuda\"],\"inLanguage\":\"es\",\"potentialAction\":[{\"@type\":\"CommentAction\",\"name\":\"Comment\",\"target\":[\"https:\\\/\\\/ivonneblanc.com\\\/ivonne-blanc-psicologa-en-montevideo\\\/salud-y-salud-mental\\\/#respond\"]}]},{\"@type\":\"WebPage\",\"@id\":\"https:\\\/\\\/ivonneblanc.com\\\/ivonne-blanc-psicologa-en-montevideo\\\/salud-y-salud-mental\\\/\",\"url\":\"https:\\\/\\\/ivonneblanc.com\\\/ivonne-blanc-psicologa-en-montevideo\\\/salud-y-salud-mental\\\/\",\"name\":\"Salud y salud mental - Psic\u00f3loga Ivonne Blanc\",\"isPartOf\":{\"@id\":\"https:\\\/\\\/ivonneblanc.com\\\/ivonne-blanc-psicologa-en-montevideo\\\/#website\"},\"primaryImageOfPage\":{\"@id\":\"https:\\\/\\\/ivonneblanc.com\\\/ivonne-blanc-psicologa-en-montevideo\\\/salud-y-salud-mental\\\/#primaryimage\"},\"image\":{\"@id\":\"https:\\\/\\\/ivonneblanc.com\\\/ivonne-blanc-psicologa-en-montevideo\\\/salud-y-salud-mental\\\/#primaryimage\"},\"thumbnailUrl\":\"https:\\\/\\\/ivonneblanc.com\\\/wp-content\\\/uploads\\\/2024\\\/10\\\/pile-8260617_1280.jpg\",\"datePublished\":\"2024-10-23T18:10:36+00:00\",\"dateModified\":\"2024-10-23T19:59:54+00:00\",\"author\":{\"@id\":\"https:\\\/\\\/ivonneblanc.com\\\/ivonne-blanc-psicologa-en-montevideo\\\/#\\\/schema\\\/person\\\/1faf0bc4bbe8ab6f86087f6ca1a937ec\"},\"description\":\"La salud mental tiene que ver con la consulta con psiquiatra y psic\u00f3logo. \u00bfEsa es la concepci\u00f3n? \u00bfQue otros factotes inciden?\",\"breadcrumb\":{\"@id\":\"https:\\\/\\\/ivonneblanc.com\\\/ivonne-blanc-psicologa-en-montevideo\\\/salud-y-salud-mental\\\/#breadcrumb\"},\"inLanguage\":\"es\",\"potentialAction\":[{\"@type\":\"ReadAction\",\"target\":[\"https:\\\/\\\/ivonneblanc.com\\\/ivonne-blanc-psicologa-en-montevideo\\\/salud-y-salud-mental\\\/\"]}]},{\"@type\":\"ImageObject\",\"inLanguage\":\"es\",\"@id\":\"https:\\\/\\\/ivonneblanc.com\\\/ivonne-blanc-psicologa-en-montevideo\\\/salud-y-salud-mental\\\/#primaryimage\",\"url\":\"https:\\\/\\\/ivonneblanc.com\\\/wp-content\\\/uploads\\\/2024\\\/10\\\/pile-8260617_1280.jpg\",\"contentUrl\":\"https:\\\/\\\/ivonneblanc.com\\\/wp-content\\\/uploads\\\/2024\\\/10\\\/pile-8260617_1280.jpg\"},{\"@type\":\"BreadcrumbList\",\"@id\":\"https:\\\/\\\/ivonneblanc.com\\\/ivonne-blanc-psicologa-en-montevideo\\\/salud-y-salud-mental\\\/#breadcrumb\",\"itemListElement\":[{\"@type\":\"ListItem\",\"position\":1,\"name\":\"Portada\",\"item\":\"https:\\\/\\\/ivonneblanc.com\\\/ivonne-blanc-psicologa-en-montevideo\\\/\"},{\"@type\":\"ListItem\",\"position\":2,\"name\":\"Salud y salud mental\"}]},{\"@type\":\"WebSite\",\"@id\":\"https:\\\/\\\/ivonneblanc.com\\\/ivonne-blanc-psicologa-en-montevideo\\\/#website\",\"url\":\"https:\\\/\\\/ivonneblanc.com\\\/ivonne-blanc-psicologa-en-montevideo\\\/\",\"name\":\"Psic\u00f3loga Ivonne Blanc\",\"description\":\"\",\"potentialAction\":[{\"@type\":\"SearchAction\",\"target\":{\"@type\":\"EntryPoint\",\"urlTemplate\":\"https:\\\/\\\/ivonneblanc.com\\\/ivonne-blanc-psicologa-en-montevideo\\\/?s={search_term_string}\"},\"query-input\":{\"@type\":\"PropertyValueSpecification\",\"valueRequired\":true,\"valueName\":\"search_term_string\"}}],\"inLanguage\":\"es\"},{\"@type\":\"Person\",\"@id\":\"https:\\\/\\\/ivonneblanc.com\\\/ivonne-blanc-psicologa-en-montevideo\\\/#\\\/schema\\\/person\\\/1faf0bc4bbe8ab6f86087f6ca1a937ec\",\"name\":\"Ivonne Blanc\",\"image\":{\"@type\":\"ImageObject\",\"inLanguage\":\"es\",\"@id\":\"https:\\\/\\\/secure.gravatar.com\\\/avatar\\\/506f20d83de1cae332248fa767102ec0a72e2f18fdaf845cd11c50a131481b16?s=96&d=mm&r=g\",\"url\":\"https:\\\/\\\/secure.gravatar.com\\\/avatar\\\/506f20d83de1cae332248fa767102ec0a72e2f18fdaf845cd11c50a131481b16?s=96&d=mm&r=g\",\"contentUrl\":\"https:\\\/\\\/secure.gravatar.com\\\/avatar\\\/506f20d83de1cae332248fa767102ec0a72e2f18fdaf845cd11c50a131481b16?s=96&d=mm&r=g\",\"caption\":\"Ivonne Blanc\"},\"sameAs\":[\"https:\\\/\\\/ivonneblanc.com\",\"https:\\\/\\\/www.facebook.com\\\/PsicologaIvonneBlanc\"],\"url\":\"https:\\\/\\\/ivonneblanc.com\\\/ivonne-blanc-psicologa-en-montevideo\\\/author\\\/ivonne\\\/\"}]}<\/script>\n<!-- \/ Yoast SEO plugin. -->","yoast_head_json":{"title":"Salud y salud mental - Psic\u00f3loga Ivonne Blanc","description":"La salud mental tiene que ver con la consulta con psiquiatra y psic\u00f3logo. \u00bfEsa es la concepci\u00f3n? \u00bfQue otros factotes inciden?","robots":{"index":"index","follow":"follow","max-snippet":"max-snippet:-1","max-image-preview":"max-image-preview:large","max-video-preview":"max-video-preview:-1"},"canonical":"https:\/\/ivonneblanc.com\/ivonne-blanc-psicologa-en-montevideo\/salud-y-salud-mental\/","og_locale":"es_ES","og_type":"article","og_title":"Salud y salud mental - Psic\u00f3loga Ivonne Blanc","og_description":"La salud mental tiene que ver con la consulta con psiquiatra y psic\u00f3logo. \u00bfEsa es la concepci\u00f3n? \u00bfQue otros factotes inciden?","og_url":"https:\/\/ivonneblanc.com\/ivonne-blanc-psicologa-en-montevideo\/salud-y-salud-mental\/","og_site_name":"Psic\u00f3loga Ivonne Blanc","article_author":"https:\/\/www.facebook.com\/PsicologaIvonneBlanc","article_published_time":"2024-10-23T18:10:36+00:00","article_modified_time":"2024-10-23T19:59:54+00:00","og_image":[{"width":1280,"height":822,"url":"https:\/\/ivonneblanc.com\/wp-content\/uploads\/2024\/10\/pile-8260617_1280.jpg","type":"image\/jpeg"}],"author":"Ivonne Blanc","twitter_card":"summary_large_image","twitter_misc":{"Escrito por":"Ivonne Blanc","Tiempo de lectura":"3 minutos"},"schema":{"@context":"https:\/\/schema.org","@graph":[{"@type":"Article","@id":"https:\/\/ivonneblanc.com\/ivonne-blanc-psicologa-en-montevideo\/salud-y-salud-mental\/#article","isPartOf":{"@id":"https:\/\/ivonneblanc.com\/ivonne-blanc-psicologa-en-montevideo\/salud-y-salud-mental\/"},"author":{"name":"Ivonne Blanc","@id":"https:\/\/ivonneblanc.com\/ivonne-blanc-psicologa-en-montevideo\/#\/schema\/person\/1faf0bc4bbe8ab6f86087f6ca1a937ec"},"headline":"Salud y salud mental","datePublished":"2024-10-23T18:10:36+00:00","dateModified":"2024-10-23T19:59:54+00:00","mainEntityOfPage":{"@id":"https:\/\/ivonneblanc.com\/ivonne-blanc-psicologa-en-montevideo\/salud-y-salud-mental\/"},"wordCount":517,"commentCount":0,"image":{"@id":"https:\/\/ivonneblanc.com\/ivonne-blanc-psicologa-en-montevideo\/salud-y-salud-mental\/#primaryimage"},"thumbnailUrl":"https:\/\/ivonneblanc.com\/wp-content\/uploads\/2024\/10\/pile-8260617_1280.jpg","articleSection":["Autoayuda"],"inLanguage":"es","potentialAction":[{"@type":"CommentAction","name":"Comment","target":["https:\/\/ivonneblanc.com\/ivonne-blanc-psicologa-en-montevideo\/salud-y-salud-mental\/#respond"]}]},{"@type":"WebPage","@id":"https:\/\/ivonneblanc.com\/ivonne-blanc-psicologa-en-montevideo\/salud-y-salud-mental\/","url":"https:\/\/ivonneblanc.com\/ivonne-blanc-psicologa-en-montevideo\/salud-y-salud-mental\/","name":"Salud y salud mental - Psic\u00f3loga Ivonne Blanc","isPartOf":{"@id":"https:\/\/ivonneblanc.com\/ivonne-blanc-psicologa-en-montevideo\/#website"},"primaryImageOfPage":{"@id":"https:\/\/ivonneblanc.com\/ivonne-blanc-psicologa-en-montevideo\/salud-y-salud-mental\/#primaryimage"},"image":{"@id":"https:\/\/ivonneblanc.com\/ivonne-blanc-psicologa-en-montevideo\/salud-y-salud-mental\/#primaryimage"},"thumbnailUrl":"https:\/\/ivonneblanc.com\/wp-content\/uploads\/2024\/10\/pile-8260617_1280.jpg","datePublished":"2024-10-23T18:10:36+00:00","dateModified":"2024-10-23T19:59:54+00:00","author":{"@id":"https:\/\/ivonneblanc.com\/ivonne-blanc-psicologa-en-montevideo\/#\/schema\/person\/1faf0bc4bbe8ab6f86087f6ca1a937ec"},"description":"La salud mental tiene que ver con la consulta con psiquiatra y psic\u00f3logo. \u00bfEsa es la concepci\u00f3n? \u00bfQue otros factotes inciden?","breadcrumb":{"@id":"https:\/\/ivonneblanc.com\/ivonne-blanc-psicologa-en-montevideo\/salud-y-salud-mental\/#breadcrumb"},"inLanguage":"es","potentialAction":[{"@type":"ReadAction","target":["https:\/\/ivonneblanc.com\/ivonne-blanc-psicologa-en-montevideo\/salud-y-salud-mental\/"]}]},{"@type":"ImageObject","inLanguage":"es","@id":"https:\/\/ivonneblanc.com\/ivonne-blanc-psicologa-en-montevideo\/salud-y-salud-mental\/#primaryimage","url":"https:\/\/ivonneblanc.com\/wp-content\/uploads\/2024\/10\/pile-8260617_1280.jpg","contentUrl":"https:\/\/ivonneblanc.com\/wp-content\/uploads\/2024\/10\/pile-8260617_1280.jpg"},{"@type":"BreadcrumbList","@id":"https:\/\/ivonneblanc.com\/ivonne-blanc-psicologa-en-montevideo\/salud-y-salud-mental\/#breadcrumb","itemListElement":[{"@type":"ListItem","position":1,"name":"Portada","item":"https:\/\/ivonneblanc.com\/ivonne-blanc-psicologa-en-montevideo\/"},{"@type":"ListItem","position":2,"name":"Salud y salud mental"}]},{"@type":"WebSite","@id":"https:\/\/ivonneblanc.com\/ivonne-blanc-psicologa-en-montevideo\/#website","url":"https:\/\/ivonneblanc.com\/ivonne-blanc-psicologa-en-montevideo\/","name":"Psic\u00f3loga Ivonne Blanc","description":"","potentialAction":[{"@type":"SearchAction","target":{"@type":"EntryPoint","urlTemplate":"https:\/\/ivonneblanc.com\/ivonne-blanc-psicologa-en-montevideo\/?s={search_term_string}"},"query-input":{"@type":"PropertyValueSpecification","valueRequired":true,"valueName":"search_term_string"}}],"inLanguage":"es"},{"@type":"Person","@id":"https:\/\/ivonneblanc.com\/ivonne-blanc-psicologa-en-montevideo\/#\/schema\/person\/1faf0bc4bbe8ab6f86087f6ca1a937ec","name":"Ivonne Blanc","image":{"@type":"ImageObject","inLanguage":"es","@id":"https:\/\/secure.gravatar.com\/avatar\/506f20d83de1cae332248fa767102ec0a72e2f18fdaf845cd11c50a131481b16?s=96&d=mm&r=g","url":"https:\/\/secure.gravatar.com\/avatar\/506f20d83de1cae332248fa767102ec0a72e2f18fdaf845cd11c50a131481b16?s=96&d=mm&r=g","contentUrl":"https:\/\/secure.gravatar.com\/avatar\/506f20d83de1cae332248fa767102ec0a72e2f18fdaf845cd11c50a131481b16?s=96&d=mm&r=g","caption":"Ivonne Blanc"},"sameAs":["https:\/\/ivonneblanc.com","https:\/\/www.facebook.com\/PsicologaIvonneBlanc"],"url":"https:\/\/ivonneblanc.com\/ivonne-blanc-psicologa-en-montevideo\/author\/ivonne\/"}]}},"_links":{"self":[{"href":"https:\/\/ivonneblanc.com\/ivonne-blanc-psicologa-en-montevideo\/wp-json\/wp\/v2\/posts\/921","targetHints":{"allow":["GET"]}}],"collection":[{"href":"https:\/\/ivonneblanc.com\/ivonne-blanc-psicologa-en-montevideo\/wp-json\/wp\/v2\/posts"}],"about":[{"href":"https:\/\/ivonneblanc.com\/ivonne-blanc-psicologa-en-montevideo\/wp-json\/wp\/v2\/types\/post"}],"author":[{"embeddable":true,"href":"https:\/\/ivonneblanc.com\/ivonne-blanc-psicologa-en-montevideo\/wp-json\/wp\/v2\/users\/4"}],"replies":[{"embeddable":true,"href":"https:\/\/ivonneblanc.com\/ivonne-blanc-psicologa-en-montevideo\/wp-json\/wp\/v2\/comments?post=921"}],"version-history":[{"count":4,"href":"https:\/\/ivonneblanc.com\/ivonne-blanc-psicologa-en-montevideo\/wp-json\/wp\/v2\/posts\/921\/revisions"}],"predecessor-version":[{"id":926,"href":"https:\/\/ivonneblanc.com\/ivonne-blanc-psicologa-en-montevideo\/wp-json\/wp\/v2\/posts\/921\/revisions\/926"}],"wp:attachment":[{"href":"https:\/\/ivonneblanc.com\/ivonne-blanc-psicologa-en-montevideo\/wp-json\/wp\/v2\/media?parent=921"}],"wp:term":[{"taxonomy":"category","embeddable":true,"href":"https:\/\/ivonneblanc.com\/ivonne-blanc-psicologa-en-montevideo\/wp-json\/wp\/v2\/categories?post=921"},{"taxonomy":"post_tag","embeddable":true,"href":"https:\/\/ivonneblanc.com\/ivonne-blanc-psicologa-en-montevideo\/wp-json\/wp\/v2\/tags?post=921"}],"curies":[{"name":"wp","href":"https:\/\/api.w.org\/{rel}","templated":true}]}}