{"id":92,"date":"2024-06-13T16:51:19","date_gmt":"2024-06-13T16:51:19","guid":{"rendered":"https:\/\/ivonneblanc.com\/?p=92"},"modified":"2024-06-26T18:32:28","modified_gmt":"2024-06-26T18:32:28","slug":"por-que-te-postergas","status":"publish","type":"post","link":"https:\/\/ivonneblanc.com\/ivonne-blanc-psicologa-en-montevideo\/por-que-te-postergas\/","title":{"rendered":"\u00bfPor qu\u00e9 te postergas?"},"content":{"rendered":"\r\n<figure id=\"attachment_392\" aria-describedby=\"caption-attachment-392\" style=\"width: 1280px\" class=\"wp-caption aligncenter\"><a href=\"https:\/\/ivonneblanc.com\/wp-content\/uploads\/2024\/06\/Postergarte.jpg\"><img loading=\"lazy\" decoding=\"async\" class=\"wp-image-392 size-full\" src=\"https:\/\/ivonneblanc.com\/wp-content\/uploads\/2024\/06\/Postergarte.jpg\" alt=\"persona que se posterga\" width=\"1280\" height=\"853\" srcset=\"https:\/\/ivonneblanc.com\/wp-content\/uploads\/2024\/06\/Postergarte.jpg 1280w, https:\/\/ivonneblanc.com\/wp-content\/uploads\/2024\/06\/Postergarte-300x200.jpg 300w, https:\/\/ivonneblanc.com\/wp-content\/uploads\/2024\/06\/Postergarte-1024x682.jpg 1024w, https:\/\/ivonneblanc.com\/wp-content\/uploads\/2024\/06\/Postergarte-768x512.jpg 768w, https:\/\/ivonneblanc.com\/wp-content\/uploads\/2024\/06\/Postergarte-192x128.jpg 192w\" sizes=\"auto, (max-width: 1280px) 100vw, 1280px\" \/><\/a><figcaption id=\"caption-attachment-392\" class=\"wp-caption-text\">Persona que se posterga<\/figcaption><\/figure>\r\n<p>Seguramente, qui\u00e9n sabe por qu\u00e9 raz\u00f3n, aprendiste que lo que ten\u00eda que ver contigo era <a href=\"https:\/\/ivonneblanc.com\/ivonne-blanc-psicologa-en-montevideo\/como-aprender-a-decir-no-segunda-parte\/\">secundario<\/a>. Esta idea err\u00f3nea marcada a fuego hace que te acomodes, que cedas. \u00bfPor qu\u00e9 te postergas?<\/p>\r\n\r\n\r\n\r\n<p>Y s\u00ed muchas veces en la vida nos vemos en ese lugar&#8230;pero da la casualidad que t\u00fa est\u00e1s siempre all\u00ed.<\/p>\r\n\r\n\r\n\r\n<p>Me puedes decir: \u201cNo hay problema, disfruto haci\u00e9ndolo\u201d. Y no dudo de tu respuesta. Pero es muy probable que en un rinconcito al cual no has podido llegar a\u00fan, haya un deseo muy grande de colocarte en el sitio que tu mereces&#8230;el primer lugar.<\/p>\r\n\r\n\r\n\r\n<p><strong>Cuando te postergas<\/strong><\/p>\r\n\r\n\r\n\r\n<p>Las marcas de la postergaci\u00f3n se imprimen en tu cuerpo y tarde o temprano te pueden enfermar.<\/p>\r\n\r\n\r\n\r\n<p>Quiz\u00e1 hayas mal aprendido que tus deseos no eran importantes y que la forma para ganarte el amor de los dem\u00e1s era colocarte en segundo lugar.<\/p>\r\n\r\n\r\n\r\n<p>Junto a esto,\u00a0la idea tan valorada socialmente de que si te pones en primer lugar eres un <a href=\"https:\/\/ivonneblanc.com\/ivonne-blanc-psicologa-en-montevideo\/yo-soy-egoista\/\">ego\u00edsta<\/a>. Esta idea viene de la religi\u00f3n y creo que la hemos entendido mal. <strong>\u201cAmar a los dem\u00e1s como a\u00a0ti\u00a0mismo\u201d<\/strong>\u00a0lleva impl\u00edcito que primero deber\u00edas amarte a ti mismo y eso es priorizarse.<\/p>\r\n\r\n\r\n\r\n\r\n\r\n<p>Cuando no te pones en primer lugar y no respetas tus deseos acostumbras a los otros a ello.<\/p>\r\n\r\n\r\n\r\n<p><strong>Ser t\u00fa mismo<\/strong><\/p>\r\n\r\n\r\n\r\n<p>Lo m\u00e1s importante no es cu\u00e1ntos sean los que te quieran sino que los que lo hagan, <a href=\"https:\/\/ivonneblanc.com\/ivonne-blanc-psicologa-en-montevideo\/como-mostrarte-como-eres\/\">lo hagan de verdad<\/a>, con tus cosas positivas y no tan positivas.<\/p>\r\n\r\n\r\n\r\n<p>Los que te quieren de verdad respetan que te pongas en primer lugar, ni siquiera lo cuestionan.<\/p>\r\n\r\n\r\n\r\n<p>S\u00e9 que no es f\u00e1cil, es un ejercicio continuo, quiz\u00e1 doloroso. Un cambio total que lleva a que te cuestiones c\u00f3mo has vivido. Eso ya pas\u00f3. Tienes tiempo para cambiar.<\/p>\r\n\r\n\r\n\r\n<p>Puede que traiga alguna que otra decepci\u00f3n, pero hay decepciones que sanan.<\/p>\r\n\r\n\r\n\r\n<p>Ser\u00e1s m\u00e1s fiel a ti mismo acept\u00e1ndote como realmente eres y tendr\u00e1s a tu lado a quien te quiera de verdad.<\/p>\r\n","protected":false},"excerpt":{"rendered":"<p>Seguramente, qui\u00e9n sabe por qu\u00e9 raz\u00f3n, aprendiste que lo que ten\u00eda que ver contigo era secundario. Esta idea err\u00f3nea marcada a fuego hace que te acomodes, que cedas. \u00bfPor qu\u00e9 te postergas? Y s\u00ed muchas veces en la vida nos vemos en ese lugar&#8230;pero da la casualidad que t\u00fa est\u00e1s siempre all\u00ed. Me puedes decir: &hellip; <a href=\"https:\/\/ivonneblanc.com\/ivonne-blanc-psicologa-en-montevideo\/por-que-te-postergas\/\" class=\"more-link\">Contin\u00faa leyendo <span class=\"screen-reader-text\">\u00bfPor qu\u00e9 te postergas?<\/span><\/a><\/p>\n","protected":false},"author":4,"featured_media":0,"comment_status":"closed","ping_status":"closed","sticky":false,"template":"","format":"standard","meta":{"_joinchat":[],"footnotes":""},"categories":[1],"tags":[],"class_list":["post-92","post","type-post","status-publish","format-standard","hentry","category-autoayuda"],"yoast_head":"<!-- This site is optimized with the Yoast SEO plugin v27.5 - https:\/\/yoast.com\/product\/yoast-seo-wordpress\/ -->\n<title>\u00bfPor qu\u00e9 te postergas? - Psic\u00f3loga Ivonne Blanc<\/title>\n<meta name=\"description\" content=\"En este art\u00edculo, reflexionamos sobre posibles causas que responden a la pregunta: \u00bfPor qu\u00e9 te postergas? y que hacer al respecto.\" \/>\n<meta name=\"robots\" content=\"index, follow, max-snippet:-1, max-image-preview:large, max-video-preview:-1\" \/>\n<link rel=\"canonical\" href=\"https:\/\/ivonneblanc.com\/ivonne-blanc-psicologa-en-montevideo\/por-que-te-postergas\/\" \/>\n<meta property=\"og:locale\" content=\"es_ES\" \/>\n<meta property=\"og:type\" content=\"article\" \/>\n<meta property=\"og:title\" content=\"\u00bfPor qu\u00e9 te postergas? - Psic\u00f3loga Ivonne Blanc\" \/>\n<meta property=\"og:description\" content=\"En este art\u00edculo, reflexionamos sobre posibles causas que responden a la pregunta: \u00bfPor qu\u00e9 te postergas? y que hacer al respecto.\" \/>\n<meta property=\"og:url\" content=\"https:\/\/ivonneblanc.com\/ivonne-blanc-psicologa-en-montevideo\/por-que-te-postergas\/\" \/>\n<meta property=\"og:site_name\" content=\"Psic\u00f3loga Ivonne Blanc\" \/>\n<meta property=\"article:author\" content=\"https:\/\/www.facebook.com\/PsicologaIvonneBlanc\" \/>\n<meta property=\"article:published_time\" content=\"2024-06-13T16:51:19+00:00\" \/>\n<meta property=\"article:modified_time\" content=\"2024-06-26T18:32:28+00:00\" \/>\n<meta property=\"og:image\" content=\"https:\/\/ivonneblanc.com\/wp-content\/uploads\/2024\/06\/Postergarte.jpg\" \/>\n<meta name=\"author\" content=\"Ivonne Blanc\" \/>\n<meta name=\"twitter:card\" content=\"summary_large_image\" \/>\n<meta name=\"twitter:label1\" content=\"Escrito por\" \/>\n\t<meta name=\"twitter:data1\" content=\"Ivonne Blanc\" \/>\n\t<meta name=\"twitter:label2\" content=\"Tiempo de lectura\" \/>\n\t<meta name=\"twitter:data2\" content=\"2 minutos\" \/>\n<script type=\"application\/ld+json\" class=\"yoast-schema-graph\">{\"@context\":\"https:\\\/\\\/schema.org\",\"@graph\":[{\"@type\":\"Article\",\"@id\":\"https:\\\/\\\/ivonneblanc.com\\\/ivonne-blanc-psicologa-en-montevideo\\\/por-que-te-postergas\\\/#article\",\"isPartOf\":{\"@id\":\"https:\\\/\\\/ivonneblanc.com\\\/ivonne-blanc-psicologa-en-montevideo\\\/por-que-te-postergas\\\/\"},\"author\":{\"name\":\"Ivonne Blanc\",\"@id\":\"https:\\\/\\\/ivonneblanc.com\\\/ivonne-blanc-psicologa-en-montevideo\\\/#\\\/schema\\\/person\\\/1faf0bc4bbe8ab6f86087f6ca1a937ec\"},\"headline\":\"\u00bfPor qu\u00e9 te postergas?\",\"datePublished\":\"2024-06-13T16:51:19+00:00\",\"dateModified\":\"2024-06-26T18:32:28+00:00\",\"mainEntityOfPage\":{\"@id\":\"https:\\\/\\\/ivonneblanc.com\\\/ivonne-blanc-psicologa-en-montevideo\\\/por-que-te-postergas\\\/\"},\"wordCount\":365,\"image\":{\"@id\":\"https:\\\/\\\/ivonneblanc.com\\\/ivonne-blanc-psicologa-en-montevideo\\\/por-que-te-postergas\\\/#primaryimage\"},\"thumbnailUrl\":\"https:\\\/\\\/ivonneblanc.com\\\/wp-content\\\/uploads\\\/2024\\\/06\\\/Postergarte.jpg\",\"articleSection\":[\"Autoayuda\"],\"inLanguage\":\"es\"},{\"@type\":\"WebPage\",\"@id\":\"https:\\\/\\\/ivonneblanc.com\\\/ivonne-blanc-psicologa-en-montevideo\\\/por-que-te-postergas\\\/\",\"url\":\"https:\\\/\\\/ivonneblanc.com\\\/ivonne-blanc-psicologa-en-montevideo\\\/por-que-te-postergas\\\/\",\"name\":\"\u00bfPor qu\u00e9 te postergas? - Psic\u00f3loga Ivonne Blanc\",\"isPartOf\":{\"@id\":\"https:\\\/\\\/ivonneblanc.com\\\/ivonne-blanc-psicologa-en-montevideo\\\/#website\"},\"primaryImageOfPage\":{\"@id\":\"https:\\\/\\\/ivonneblanc.com\\\/ivonne-blanc-psicologa-en-montevideo\\\/por-que-te-postergas\\\/#primaryimage\"},\"image\":{\"@id\":\"https:\\\/\\\/ivonneblanc.com\\\/ivonne-blanc-psicologa-en-montevideo\\\/por-que-te-postergas\\\/#primaryimage\"},\"thumbnailUrl\":\"https:\\\/\\\/ivonneblanc.com\\\/wp-content\\\/uploads\\\/2024\\\/06\\\/Postergarte.jpg\",\"datePublished\":\"2024-06-13T16:51:19+00:00\",\"dateModified\":\"2024-06-26T18:32:28+00:00\",\"author\":{\"@id\":\"https:\\\/\\\/ivonneblanc.com\\\/ivonne-blanc-psicologa-en-montevideo\\\/#\\\/schema\\\/person\\\/1faf0bc4bbe8ab6f86087f6ca1a937ec\"},\"description\":\"En este art\u00edculo, reflexionamos sobre posibles causas que responden a la pregunta: \u00bfPor qu\u00e9 te postergas? y que hacer al respecto.\",\"breadcrumb\":{\"@id\":\"https:\\\/\\\/ivonneblanc.com\\\/ivonne-blanc-psicologa-en-montevideo\\\/por-que-te-postergas\\\/#breadcrumb\"},\"inLanguage\":\"es\",\"potentialAction\":[{\"@type\":\"ReadAction\",\"target\":[\"https:\\\/\\\/ivonneblanc.com\\\/ivonne-blanc-psicologa-en-montevideo\\\/por-que-te-postergas\\\/\"]}]},{\"@type\":\"ImageObject\",\"inLanguage\":\"es\",\"@id\":\"https:\\\/\\\/ivonneblanc.com\\\/ivonne-blanc-psicologa-en-montevideo\\\/por-que-te-postergas\\\/#primaryimage\",\"url\":\"https:\\\/\\\/ivonneblanc.com\\\/wp-content\\\/uploads\\\/2024\\\/06\\\/Postergarte.jpg\",\"contentUrl\":\"https:\\\/\\\/ivonneblanc.com\\\/wp-content\\\/uploads\\\/2024\\\/06\\\/Postergarte.jpg\"},{\"@type\":\"BreadcrumbList\",\"@id\":\"https:\\\/\\\/ivonneblanc.com\\\/ivonne-blanc-psicologa-en-montevideo\\\/por-que-te-postergas\\\/#breadcrumb\",\"itemListElement\":[{\"@type\":\"ListItem\",\"position\":1,\"name\":\"Portada\",\"item\":\"https:\\\/\\\/ivonneblanc.com\\\/ivonne-blanc-psicologa-en-montevideo\\\/\"},{\"@type\":\"ListItem\",\"position\":2,\"name\":\"\u00bfPor qu\u00e9 te postergas?\"}]},{\"@type\":\"WebSite\",\"@id\":\"https:\\\/\\\/ivonneblanc.com\\\/ivonne-blanc-psicologa-en-montevideo\\\/#website\",\"url\":\"https:\\\/\\\/ivonneblanc.com\\\/ivonne-blanc-psicologa-en-montevideo\\\/\",\"name\":\"Psic\u00f3loga Ivonne Blanc\",\"description\":\"\",\"potentialAction\":[{\"@type\":\"SearchAction\",\"target\":{\"@type\":\"EntryPoint\",\"urlTemplate\":\"https:\\\/\\\/ivonneblanc.com\\\/ivonne-blanc-psicologa-en-montevideo\\\/?s={search_term_string}\"},\"query-input\":{\"@type\":\"PropertyValueSpecification\",\"valueRequired\":true,\"valueName\":\"search_term_string\"}}],\"inLanguage\":\"es\"},{\"@type\":\"Person\",\"@id\":\"https:\\\/\\\/ivonneblanc.com\\\/ivonne-blanc-psicologa-en-montevideo\\\/#\\\/schema\\\/person\\\/1faf0bc4bbe8ab6f86087f6ca1a937ec\",\"name\":\"Ivonne Blanc\",\"image\":{\"@type\":\"ImageObject\",\"inLanguage\":\"es\",\"@id\":\"https:\\\/\\\/secure.gravatar.com\\\/avatar\\\/506f20d83de1cae332248fa767102ec0a72e2f18fdaf845cd11c50a131481b16?s=96&d=mm&r=g\",\"url\":\"https:\\\/\\\/secure.gravatar.com\\\/avatar\\\/506f20d83de1cae332248fa767102ec0a72e2f18fdaf845cd11c50a131481b16?s=96&d=mm&r=g\",\"contentUrl\":\"https:\\\/\\\/secure.gravatar.com\\\/avatar\\\/506f20d83de1cae332248fa767102ec0a72e2f18fdaf845cd11c50a131481b16?s=96&d=mm&r=g\",\"caption\":\"Ivonne Blanc\"},\"sameAs\":[\"https:\\\/\\\/ivonneblanc.com\",\"https:\\\/\\\/www.facebook.com\\\/PsicologaIvonneBlanc\"],\"url\":\"https:\\\/\\\/ivonneblanc.com\\\/ivonne-blanc-psicologa-en-montevideo\\\/author\\\/ivonne\\\/\"}]}<\/script>\n<!-- \/ Yoast SEO plugin. -->","yoast_head_json":{"title":"\u00bfPor qu\u00e9 te postergas? - Psic\u00f3loga Ivonne Blanc","description":"En este art\u00edculo, reflexionamos sobre posibles causas que responden a la pregunta: \u00bfPor qu\u00e9 te postergas? y que hacer al respecto.","robots":{"index":"index","follow":"follow","max-snippet":"max-snippet:-1","max-image-preview":"max-image-preview:large","max-video-preview":"max-video-preview:-1"},"canonical":"https:\/\/ivonneblanc.com\/ivonne-blanc-psicologa-en-montevideo\/por-que-te-postergas\/","og_locale":"es_ES","og_type":"article","og_title":"\u00bfPor qu\u00e9 te postergas? - Psic\u00f3loga Ivonne Blanc","og_description":"En este art\u00edculo, reflexionamos sobre posibles causas que responden a la pregunta: \u00bfPor qu\u00e9 te postergas? y que hacer al respecto.","og_url":"https:\/\/ivonneblanc.com\/ivonne-blanc-psicologa-en-montevideo\/por-que-te-postergas\/","og_site_name":"Psic\u00f3loga Ivonne Blanc","article_author":"https:\/\/www.facebook.com\/PsicologaIvonneBlanc","article_published_time":"2024-06-13T16:51:19+00:00","article_modified_time":"2024-06-26T18:32:28+00:00","og_image":[{"url":"https:\/\/ivonneblanc.com\/wp-content\/uploads\/2024\/06\/Postergarte.jpg","type":"","width":"","height":""}],"author":"Ivonne Blanc","twitter_card":"summary_large_image","twitter_misc":{"Escrito por":"Ivonne Blanc","Tiempo de lectura":"2 minutos"},"schema":{"@context":"https:\/\/schema.org","@graph":[{"@type":"Article","@id":"https:\/\/ivonneblanc.com\/ivonne-blanc-psicologa-en-montevideo\/por-que-te-postergas\/#article","isPartOf":{"@id":"https:\/\/ivonneblanc.com\/ivonne-blanc-psicologa-en-montevideo\/por-que-te-postergas\/"},"author":{"name":"Ivonne Blanc","@id":"https:\/\/ivonneblanc.com\/ivonne-blanc-psicologa-en-montevideo\/#\/schema\/person\/1faf0bc4bbe8ab6f86087f6ca1a937ec"},"headline":"\u00bfPor qu\u00e9 te postergas?","datePublished":"2024-06-13T16:51:19+00:00","dateModified":"2024-06-26T18:32:28+00:00","mainEntityOfPage":{"@id":"https:\/\/ivonneblanc.com\/ivonne-blanc-psicologa-en-montevideo\/por-que-te-postergas\/"},"wordCount":365,"image":{"@id":"https:\/\/ivonneblanc.com\/ivonne-blanc-psicologa-en-montevideo\/por-que-te-postergas\/#primaryimage"},"thumbnailUrl":"https:\/\/ivonneblanc.com\/wp-content\/uploads\/2024\/06\/Postergarte.jpg","articleSection":["Autoayuda"],"inLanguage":"es"},{"@type":"WebPage","@id":"https:\/\/ivonneblanc.com\/ivonne-blanc-psicologa-en-montevideo\/por-que-te-postergas\/","url":"https:\/\/ivonneblanc.com\/ivonne-blanc-psicologa-en-montevideo\/por-que-te-postergas\/","name":"\u00bfPor qu\u00e9 te postergas? - Psic\u00f3loga Ivonne Blanc","isPartOf":{"@id":"https:\/\/ivonneblanc.com\/ivonne-blanc-psicologa-en-montevideo\/#website"},"primaryImageOfPage":{"@id":"https:\/\/ivonneblanc.com\/ivonne-blanc-psicologa-en-montevideo\/por-que-te-postergas\/#primaryimage"},"image":{"@id":"https:\/\/ivonneblanc.com\/ivonne-blanc-psicologa-en-montevideo\/por-que-te-postergas\/#primaryimage"},"thumbnailUrl":"https:\/\/ivonneblanc.com\/wp-content\/uploads\/2024\/06\/Postergarte.jpg","datePublished":"2024-06-13T16:51:19+00:00","dateModified":"2024-06-26T18:32:28+00:00","author":{"@id":"https:\/\/ivonneblanc.com\/ivonne-blanc-psicologa-en-montevideo\/#\/schema\/person\/1faf0bc4bbe8ab6f86087f6ca1a937ec"},"description":"En este art\u00edculo, reflexionamos sobre posibles causas que responden a la pregunta: \u00bfPor qu\u00e9 te postergas? y que hacer al respecto.","breadcrumb":{"@id":"https:\/\/ivonneblanc.com\/ivonne-blanc-psicologa-en-montevideo\/por-que-te-postergas\/#breadcrumb"},"inLanguage":"es","potentialAction":[{"@type":"ReadAction","target":["https:\/\/ivonneblanc.com\/ivonne-blanc-psicologa-en-montevideo\/por-que-te-postergas\/"]}]},{"@type":"ImageObject","inLanguage":"es","@id":"https:\/\/ivonneblanc.com\/ivonne-blanc-psicologa-en-montevideo\/por-que-te-postergas\/#primaryimage","url":"https:\/\/ivonneblanc.com\/wp-content\/uploads\/2024\/06\/Postergarte.jpg","contentUrl":"https:\/\/ivonneblanc.com\/wp-content\/uploads\/2024\/06\/Postergarte.jpg"},{"@type":"BreadcrumbList","@id":"https:\/\/ivonneblanc.com\/ivonne-blanc-psicologa-en-montevideo\/por-que-te-postergas\/#breadcrumb","itemListElement":[{"@type":"ListItem","position":1,"name":"Portada","item":"https:\/\/ivonneblanc.com\/ivonne-blanc-psicologa-en-montevideo\/"},{"@type":"ListItem","position":2,"name":"\u00bfPor qu\u00e9 te postergas?"}]},{"@type":"WebSite","@id":"https:\/\/ivonneblanc.com\/ivonne-blanc-psicologa-en-montevideo\/#website","url":"https:\/\/ivonneblanc.com\/ivonne-blanc-psicologa-en-montevideo\/","name":"Psic\u00f3loga Ivonne Blanc","description":"","potentialAction":[{"@type":"SearchAction","target":{"@type":"EntryPoint","urlTemplate":"https:\/\/ivonneblanc.com\/ivonne-blanc-psicologa-en-montevideo\/?s={search_term_string}"},"query-input":{"@type":"PropertyValueSpecification","valueRequired":true,"valueName":"search_term_string"}}],"inLanguage":"es"},{"@type":"Person","@id":"https:\/\/ivonneblanc.com\/ivonne-blanc-psicologa-en-montevideo\/#\/schema\/person\/1faf0bc4bbe8ab6f86087f6ca1a937ec","name":"Ivonne Blanc","image":{"@type":"ImageObject","inLanguage":"es","@id":"https:\/\/secure.gravatar.com\/avatar\/506f20d83de1cae332248fa767102ec0a72e2f18fdaf845cd11c50a131481b16?s=96&d=mm&r=g","url":"https:\/\/secure.gravatar.com\/avatar\/506f20d83de1cae332248fa767102ec0a72e2f18fdaf845cd11c50a131481b16?s=96&d=mm&r=g","contentUrl":"https:\/\/secure.gravatar.com\/avatar\/506f20d83de1cae332248fa767102ec0a72e2f18fdaf845cd11c50a131481b16?s=96&d=mm&r=g","caption":"Ivonne Blanc"},"sameAs":["https:\/\/ivonneblanc.com","https:\/\/www.facebook.com\/PsicologaIvonneBlanc"],"url":"https:\/\/ivonneblanc.com\/ivonne-blanc-psicologa-en-montevideo\/author\/ivonne\/"}]}},"_links":{"self":[{"href":"https:\/\/ivonneblanc.com\/ivonne-blanc-psicologa-en-montevideo\/wp-json\/wp\/v2\/posts\/92","targetHints":{"allow":["GET"]}}],"collection":[{"href":"https:\/\/ivonneblanc.com\/ivonne-blanc-psicologa-en-montevideo\/wp-json\/wp\/v2\/posts"}],"about":[{"href":"https:\/\/ivonneblanc.com\/ivonne-blanc-psicologa-en-montevideo\/wp-json\/wp\/v2\/types\/post"}],"author":[{"embeddable":true,"href":"https:\/\/ivonneblanc.com\/ivonne-blanc-psicologa-en-montevideo\/wp-json\/wp\/v2\/users\/4"}],"replies":[{"embeddable":true,"href":"https:\/\/ivonneblanc.com\/ivonne-blanc-psicologa-en-montevideo\/wp-json\/wp\/v2\/comments?post=92"}],"version-history":[{"count":11,"href":"https:\/\/ivonneblanc.com\/ivonne-blanc-psicologa-en-montevideo\/wp-json\/wp\/v2\/posts\/92\/revisions"}],"predecessor-version":[{"id":650,"href":"https:\/\/ivonneblanc.com\/ivonne-blanc-psicologa-en-montevideo\/wp-json\/wp\/v2\/posts\/92\/revisions\/650"}],"wp:attachment":[{"href":"https:\/\/ivonneblanc.com\/ivonne-blanc-psicologa-en-montevideo\/wp-json\/wp\/v2\/media?parent=92"}],"wp:term":[{"taxonomy":"category","embeddable":true,"href":"https:\/\/ivonneblanc.com\/ivonne-blanc-psicologa-en-montevideo\/wp-json\/wp\/v2\/categories?post=92"},{"taxonomy":"post_tag","embeddable":true,"href":"https:\/\/ivonneblanc.com\/ivonne-blanc-psicologa-en-montevideo\/wp-json\/wp\/v2\/tags?post=92"}],"curies":[{"name":"wp","href":"https:\/\/api.w.org\/{rel}","templated":true}]}}