{"id":90,"date":"2024-06-18T20:50:49","date_gmt":"2024-06-18T20:50:49","guid":{"rendered":"https:\/\/ivonneblanc.com\/?p=90"},"modified":"2024-06-26T18:28:27","modified_gmt":"2024-06-26T18:28:27","slug":"por-que-mi-cuerpo-enfermo","status":"publish","type":"post","link":"https:\/\/ivonneblanc.com\/ivonne-blanc-psicologa-en-montevideo\/por-que-mi-cuerpo-enfermo\/","title":{"rendered":"\u00bfPor qu\u00e9 mi cuerpo enferm\u00f3?"},"content":{"rendered":"\r\n<p><a href=\"https:\/\/ivonneblanc.com\/wp-content\/uploads\/2024\/06\/Ir-a-un-psicologo-.jpg\"><img loading=\"lazy\" decoding=\"async\" class=\"aligncenter wp-image-407 size-full\" src=\"https:\/\/ivonneblanc.com\/wp-content\/uploads\/2024\/06\/Ir-a-un-psicologo-.jpg\" alt=\"Enfermar\" width=\"1600\" height=\"1066\" srcset=\"https:\/\/ivonneblanc.com\/wp-content\/uploads\/2024\/06\/Ir-a-un-psicologo-.jpg 1600w, https:\/\/ivonneblanc.com\/wp-content\/uploads\/2024\/06\/Ir-a-un-psicologo--300x200.jpg 300w, https:\/\/ivonneblanc.com\/wp-content\/uploads\/2024\/06\/Ir-a-un-psicologo--1024x682.jpg 1024w, https:\/\/ivonneblanc.com\/wp-content\/uploads\/2024\/06\/Ir-a-un-psicologo--768x512.jpg 768w, https:\/\/ivonneblanc.com\/wp-content\/uploads\/2024\/06\/Ir-a-un-psicologo--1536x1023.jpg 1536w, https:\/\/ivonneblanc.com\/wp-content\/uploads\/2024\/06\/Ir-a-un-psicologo--192x128.jpg 192w\" sizes=\"auto, (max-width: 1600px) 100vw, 1600px\" \/><\/a><\/p>\r\n<p>A veces hablamos de nuestro cuerpo como si fuera un objeto separado de nosotros. Tal es el caso de un vecino que me encontr\u00e9 en el supermercado que entre charla y charla me dijo: &#8220;Ahora no puedo tomar caf\u00e9&#8230; mi cuerpo enferm\u00f3&#8230;tengo gastritis&#8221;.<\/p>\r\n\r\n\r\n\r\n<p>Al hablar de su tratamiento me cont\u00f3 que le mandaron &#8220;comer sano, hacer ejercicio y evitar las situaciones de estr\u00e9s&#8221;. Como no puedo con mi condici\u00f3n le pregunt\u00e9: &#8220;\u00bfMejorar el estr\u00e9s&#8230;y c\u00f3mo lo har\u00edas?&#8221; &#8220;No s\u00e9&#8230; (me contest\u00f3) supongo que no preocup\u00e1ndome tanto&#8221;.<\/p>\r\n\r\n\r\n\r\n<p>Podr\u00eda haber insistido un poco m\u00e1s. Pero la verdad es que me desped\u00ed y lo dej\u00e9 ir. En otro momento, me gustar\u00eda explicarle que es m\u00e1s complejo que esto.<\/p>\r\n\r\n\r\n\r\n<p><strong>\u00bfPor qu\u00e9 mi cuerpo enferm\u00f3?<\/strong><\/p>\r\n\r\n\r\n\r\n<p>El tratamiento m\u00e9dico es fundamental, pero adem\u00e1s de explicar brevemente los por qu\u00e9s de lo que est\u00e1 sucediendo en tu cuerpo debe quedar claro que\u00a0no enferm\u00f3 por que s\u00ed, o porque estaba predestinado a.<\/p>\r\n\r\n\r\n\r\n<p>Si no abordamos los factores que hicieron que la enfermedad aparezca, trat\u00e1ndola &#8220;de ra\u00edz&#8221; es probable que en lugar de mejorar se empeore la situaci\u00f3n.<\/p>\r\n\r\n\r\n\r\n<p><strong>\u00bfQue podr\u00edas preguntarte?<\/strong><\/p>\r\n\r\n\r\n\r\n<ul class=\"wp-block-list\">\r\n<li>\u00bfSiempre fui saludable? \u00bfMi cuerpo me ha dado se\u00f1ales de que iba a contraer una gastritis? Muchas veces el cuerpo te avisa que hay cosas que cambiar (comidas, relaciones, h\u00e1bitos) y lo hace de la \u00fanica forma que puede hacerlo, con una enfermedad.<\/li>\r\n\r\n\r\n\r\n<li>\u00bfQu\u00e9 idea tengo de lo que es una gastritis? (origen, mantenimiento, tratamiento, reversibilidad).<\/li>\r\n\r\n\r\n\r\n<li>\u00bfCu\u00e1les son mis pensamientos en general? Los pensamientos son sumamente poderosos tanto si son negativos como positivos.<\/li>\r\n\r\n\r\n\r\n<li>\u00bfSoy feliz? \u00bfTengo sue\u00f1os? \u00bfHe estado preocupado? \u00bfC\u00f3mo me siento en mis relaciones con los dem\u00e1s? El malestar cr\u00f3nico genera sustancias que (si son excesivas) nos dejan m\u00e1s vulnerables.<\/li>\r\n\r\n\r\n\r\n<li>\u00bfTengo mis necesidades b\u00e1sicas cubiertas? Si tienes trabajo: \u00bfC\u00f3mo me siento all\u00ed? Recuerda que el trabajo es sumamente importante no solo para sustentarte sino para sentirte productivo. Si este aspecto no anda bien es natural que no te sientas bien.<\/li>\r\n<\/ul>\r\n\r\n\r\n\r\n<p>Muchas veces olvidas tomar en cuenta situaciones de malestar que se han &#8220;cronificado&#8221; y han llevado a que te sientas triste, cansado, desmotivado.<\/p>\r\n\r\n\r\n\r\n<p>Cuando te sientes as\u00ed, es muy probable que no te cuides, no descanses bien, comas mal, no hagas ejercicio.<\/p>\r\n\r\n\r\n\r\n<p>Y esto es estr\u00e9s mi querido vecino, es m\u00e1s complejo que evitar preocuparse.<\/p>\r\n","protected":false},"excerpt":{"rendered":"<p>A veces hablamos de nuestro cuerpo como si fuera un objeto separado de nosotros. Tal es el caso de un vecino que me encontr\u00e9 en el supermercado que entre charla y charla me dijo: &#8220;Ahora no puedo tomar caf\u00e9&#8230; mi cuerpo enferm\u00f3&#8230;tengo gastritis&#8221;. Al hablar de su tratamiento me cont\u00f3 que le mandaron &#8220;comer sano, &hellip; <a href=\"https:\/\/ivonneblanc.com\/ivonne-blanc-psicologa-en-montevideo\/por-que-mi-cuerpo-enfermo\/\" class=\"more-link\">Contin\u00faa leyendo <span class=\"screen-reader-text\">\u00bfPor qu\u00e9 mi cuerpo enferm\u00f3?<\/span><\/a><\/p>\n","protected":false},"author":4,"featured_media":0,"comment_status":"open","ping_status":"closed","sticky":false,"template":"","format":"standard","meta":{"_joinchat":[],"footnotes":""},"categories":[5,6],"tags":[],"class_list":["post-90","post","type-post","status-publish","format-standard","hentry","category-herramientas","category-salud"],"yoast_head":"<!-- This site is optimized with the Yoast SEO plugin v27.5 - https:\/\/yoast.com\/product\/yoast-seo-wordpress\/ -->\n<title>\u00bfPor qu\u00e9 mi cuerpo enferm\u00f3? - Psic\u00f3loga Ivonne Blanc<\/title>\n<meta name=\"description\" content=\"Cuales son las razones por las que mi cuerpo enfem\u00f3? Fue el destino o hay otras cosas que incidieron en ello?\" \/>\n<meta name=\"robots\" content=\"index, follow, max-snippet:-1, max-image-preview:large, max-video-preview:-1\" \/>\n<link rel=\"canonical\" href=\"https:\/\/ivonneblanc.com\/ivonne-blanc-psicologa-en-montevideo\/por-que-mi-cuerpo-enfermo\/\" \/>\n<meta property=\"og:locale\" content=\"es_ES\" \/>\n<meta property=\"og:type\" content=\"article\" \/>\n<meta property=\"og:title\" content=\"\u00bfPor qu\u00e9 mi cuerpo enferm\u00f3? - Psic\u00f3loga Ivonne Blanc\" \/>\n<meta property=\"og:description\" content=\"Cuales son las razones por las que mi cuerpo enfem\u00f3? Fue el destino o hay otras cosas que incidieron en ello?\" \/>\n<meta property=\"og:url\" content=\"https:\/\/ivonneblanc.com\/ivonne-blanc-psicologa-en-montevideo\/por-que-mi-cuerpo-enfermo\/\" \/>\n<meta property=\"og:site_name\" content=\"Psic\u00f3loga Ivonne Blanc\" \/>\n<meta property=\"article:author\" content=\"https:\/\/www.facebook.com\/PsicologaIvonneBlanc\" \/>\n<meta property=\"article:published_time\" content=\"2024-06-18T20:50:49+00:00\" \/>\n<meta property=\"article:modified_time\" content=\"2024-06-26T18:28:27+00:00\" \/>\n<meta property=\"og:image\" content=\"https:\/\/ivonneblanc.com\/wp-content\/uploads\/2024\/06\/Ir-a-un-psicologo-.jpg\" \/>\n<meta name=\"author\" content=\"Ivonne Blanc\" \/>\n<meta name=\"twitter:card\" content=\"summary_large_image\" \/>\n<meta name=\"twitter:label1\" content=\"Escrito por\" \/>\n\t<meta name=\"twitter:data1\" content=\"Ivonne Blanc\" \/>\n\t<meta name=\"twitter:label2\" content=\"Tiempo de lectura\" \/>\n\t<meta name=\"twitter:data2\" content=\"2 minutos\" \/>\n<script type=\"application\/ld+json\" class=\"yoast-schema-graph\">{\"@context\":\"https:\\\/\\\/schema.org\",\"@graph\":[{\"@type\":\"Article\",\"@id\":\"https:\\\/\\\/ivonneblanc.com\\\/ivonne-blanc-psicologa-en-montevideo\\\/por-que-mi-cuerpo-enfermo\\\/#article\",\"isPartOf\":{\"@id\":\"https:\\\/\\\/ivonneblanc.com\\\/ivonne-blanc-psicologa-en-montevideo\\\/por-que-mi-cuerpo-enfermo\\\/\"},\"author\":{\"name\":\"Ivonne Blanc\",\"@id\":\"https:\\\/\\\/ivonneblanc.com\\\/ivonne-blanc-psicologa-en-montevideo\\\/#\\\/schema\\\/person\\\/1faf0bc4bbe8ab6f86087f6ca1a937ec\"},\"headline\":\"\u00bfPor qu\u00e9 mi cuerpo enferm\u00f3?\",\"datePublished\":\"2024-06-18T20:50:49+00:00\",\"dateModified\":\"2024-06-26T18:28:27+00:00\",\"mainEntityOfPage\":{\"@id\":\"https:\\\/\\\/ivonneblanc.com\\\/ivonne-blanc-psicologa-en-montevideo\\\/por-que-mi-cuerpo-enfermo\\\/\"},\"wordCount\":416,\"commentCount\":0,\"image\":{\"@id\":\"https:\\\/\\\/ivonneblanc.com\\\/ivonne-blanc-psicologa-en-montevideo\\\/por-que-mi-cuerpo-enfermo\\\/#primaryimage\"},\"thumbnailUrl\":\"https:\\\/\\\/ivonneblanc.com\\\/wp-content\\\/uploads\\\/2024\\\/06\\\/Ir-a-un-psicologo-.jpg\",\"articleSection\":[\"Herramientas\",\"Salud\"],\"inLanguage\":\"es\",\"potentialAction\":[{\"@type\":\"CommentAction\",\"name\":\"Comment\",\"target\":[\"https:\\\/\\\/ivonneblanc.com\\\/ivonne-blanc-psicologa-en-montevideo\\\/por-que-mi-cuerpo-enfermo\\\/#respond\"]}]},{\"@type\":\"WebPage\",\"@id\":\"https:\\\/\\\/ivonneblanc.com\\\/ivonne-blanc-psicologa-en-montevideo\\\/por-que-mi-cuerpo-enfermo\\\/\",\"url\":\"https:\\\/\\\/ivonneblanc.com\\\/ivonne-blanc-psicologa-en-montevideo\\\/por-que-mi-cuerpo-enfermo\\\/\",\"name\":\"\u00bfPor qu\u00e9 mi cuerpo enferm\u00f3? - Psic\u00f3loga Ivonne Blanc\",\"isPartOf\":{\"@id\":\"https:\\\/\\\/ivonneblanc.com\\\/ivonne-blanc-psicologa-en-montevideo\\\/#website\"},\"primaryImageOfPage\":{\"@id\":\"https:\\\/\\\/ivonneblanc.com\\\/ivonne-blanc-psicologa-en-montevideo\\\/por-que-mi-cuerpo-enfermo\\\/#primaryimage\"},\"image\":{\"@id\":\"https:\\\/\\\/ivonneblanc.com\\\/ivonne-blanc-psicologa-en-montevideo\\\/por-que-mi-cuerpo-enfermo\\\/#primaryimage\"},\"thumbnailUrl\":\"https:\\\/\\\/ivonneblanc.com\\\/wp-content\\\/uploads\\\/2024\\\/06\\\/Ir-a-un-psicologo-.jpg\",\"datePublished\":\"2024-06-18T20:50:49+00:00\",\"dateModified\":\"2024-06-26T18:28:27+00:00\",\"author\":{\"@id\":\"https:\\\/\\\/ivonneblanc.com\\\/ivonne-blanc-psicologa-en-montevideo\\\/#\\\/schema\\\/person\\\/1faf0bc4bbe8ab6f86087f6ca1a937ec\"},\"description\":\"Cuales son las razones por las que mi cuerpo enfem\u00f3? Fue el destino o hay otras cosas que incidieron en ello?\",\"breadcrumb\":{\"@id\":\"https:\\\/\\\/ivonneblanc.com\\\/ivonne-blanc-psicologa-en-montevideo\\\/por-que-mi-cuerpo-enfermo\\\/#breadcrumb\"},\"inLanguage\":\"es\",\"potentialAction\":[{\"@type\":\"ReadAction\",\"target\":[\"https:\\\/\\\/ivonneblanc.com\\\/ivonne-blanc-psicologa-en-montevideo\\\/por-que-mi-cuerpo-enfermo\\\/\"]}]},{\"@type\":\"ImageObject\",\"inLanguage\":\"es\",\"@id\":\"https:\\\/\\\/ivonneblanc.com\\\/ivonne-blanc-psicologa-en-montevideo\\\/por-que-mi-cuerpo-enfermo\\\/#primaryimage\",\"url\":\"https:\\\/\\\/ivonneblanc.com\\\/wp-content\\\/uploads\\\/2024\\\/06\\\/Ir-a-un-psicologo-.jpg\",\"contentUrl\":\"https:\\\/\\\/ivonneblanc.com\\\/wp-content\\\/uploads\\\/2024\\\/06\\\/Ir-a-un-psicologo-.jpg\"},{\"@type\":\"BreadcrumbList\",\"@id\":\"https:\\\/\\\/ivonneblanc.com\\\/ivonne-blanc-psicologa-en-montevideo\\\/por-que-mi-cuerpo-enfermo\\\/#breadcrumb\",\"itemListElement\":[{\"@type\":\"ListItem\",\"position\":1,\"name\":\"Portada\",\"item\":\"https:\\\/\\\/ivonneblanc.com\\\/ivonne-blanc-psicologa-en-montevideo\\\/\"},{\"@type\":\"ListItem\",\"position\":2,\"name\":\"\u00bfPor qu\u00e9 mi cuerpo enferm\u00f3?\"}]},{\"@type\":\"WebSite\",\"@id\":\"https:\\\/\\\/ivonneblanc.com\\\/ivonne-blanc-psicologa-en-montevideo\\\/#website\",\"url\":\"https:\\\/\\\/ivonneblanc.com\\\/ivonne-blanc-psicologa-en-montevideo\\\/\",\"name\":\"Psic\u00f3loga Ivonne Blanc\",\"description\":\"\",\"potentialAction\":[{\"@type\":\"SearchAction\",\"target\":{\"@type\":\"EntryPoint\",\"urlTemplate\":\"https:\\\/\\\/ivonneblanc.com\\\/ivonne-blanc-psicologa-en-montevideo\\\/?s={search_term_string}\"},\"query-input\":{\"@type\":\"PropertyValueSpecification\",\"valueRequired\":true,\"valueName\":\"search_term_string\"}}],\"inLanguage\":\"es\"},{\"@type\":\"Person\",\"@id\":\"https:\\\/\\\/ivonneblanc.com\\\/ivonne-blanc-psicologa-en-montevideo\\\/#\\\/schema\\\/person\\\/1faf0bc4bbe8ab6f86087f6ca1a937ec\",\"name\":\"Ivonne Blanc\",\"image\":{\"@type\":\"ImageObject\",\"inLanguage\":\"es\",\"@id\":\"https:\\\/\\\/secure.gravatar.com\\\/avatar\\\/506f20d83de1cae332248fa767102ec0a72e2f18fdaf845cd11c50a131481b16?s=96&d=mm&r=g\",\"url\":\"https:\\\/\\\/secure.gravatar.com\\\/avatar\\\/506f20d83de1cae332248fa767102ec0a72e2f18fdaf845cd11c50a131481b16?s=96&d=mm&r=g\",\"contentUrl\":\"https:\\\/\\\/secure.gravatar.com\\\/avatar\\\/506f20d83de1cae332248fa767102ec0a72e2f18fdaf845cd11c50a131481b16?s=96&d=mm&r=g\",\"caption\":\"Ivonne Blanc\"},\"sameAs\":[\"https:\\\/\\\/ivonneblanc.com\",\"https:\\\/\\\/www.facebook.com\\\/PsicologaIvonneBlanc\"],\"url\":\"https:\\\/\\\/ivonneblanc.com\\\/ivonne-blanc-psicologa-en-montevideo\\\/author\\\/ivonne\\\/\"}]}<\/script>\n<!-- \/ Yoast SEO plugin. -->","yoast_head_json":{"title":"\u00bfPor qu\u00e9 mi cuerpo enferm\u00f3? - Psic\u00f3loga Ivonne Blanc","description":"Cuales son las razones por las que mi cuerpo enfem\u00f3? Fue el destino o hay otras cosas que incidieron en ello?","robots":{"index":"index","follow":"follow","max-snippet":"max-snippet:-1","max-image-preview":"max-image-preview:large","max-video-preview":"max-video-preview:-1"},"canonical":"https:\/\/ivonneblanc.com\/ivonne-blanc-psicologa-en-montevideo\/por-que-mi-cuerpo-enfermo\/","og_locale":"es_ES","og_type":"article","og_title":"\u00bfPor qu\u00e9 mi cuerpo enferm\u00f3? - Psic\u00f3loga Ivonne Blanc","og_description":"Cuales son las razones por las que mi cuerpo enfem\u00f3? Fue el destino o hay otras cosas que incidieron en ello?","og_url":"https:\/\/ivonneblanc.com\/ivonne-blanc-psicologa-en-montevideo\/por-que-mi-cuerpo-enfermo\/","og_site_name":"Psic\u00f3loga Ivonne Blanc","article_author":"https:\/\/www.facebook.com\/PsicologaIvonneBlanc","article_published_time":"2024-06-18T20:50:49+00:00","article_modified_time":"2024-06-26T18:28:27+00:00","og_image":[{"url":"https:\/\/ivonneblanc.com\/wp-content\/uploads\/2024\/06\/Ir-a-un-psicologo-.jpg","type":"","width":"","height":""}],"author":"Ivonne Blanc","twitter_card":"summary_large_image","twitter_misc":{"Escrito por":"Ivonne Blanc","Tiempo de lectura":"2 minutos"},"schema":{"@context":"https:\/\/schema.org","@graph":[{"@type":"Article","@id":"https:\/\/ivonneblanc.com\/ivonne-blanc-psicologa-en-montevideo\/por-que-mi-cuerpo-enfermo\/#article","isPartOf":{"@id":"https:\/\/ivonneblanc.com\/ivonne-blanc-psicologa-en-montevideo\/por-que-mi-cuerpo-enfermo\/"},"author":{"name":"Ivonne Blanc","@id":"https:\/\/ivonneblanc.com\/ivonne-blanc-psicologa-en-montevideo\/#\/schema\/person\/1faf0bc4bbe8ab6f86087f6ca1a937ec"},"headline":"\u00bfPor qu\u00e9 mi cuerpo enferm\u00f3?","datePublished":"2024-06-18T20:50:49+00:00","dateModified":"2024-06-26T18:28:27+00:00","mainEntityOfPage":{"@id":"https:\/\/ivonneblanc.com\/ivonne-blanc-psicologa-en-montevideo\/por-que-mi-cuerpo-enfermo\/"},"wordCount":416,"commentCount":0,"image":{"@id":"https:\/\/ivonneblanc.com\/ivonne-blanc-psicologa-en-montevideo\/por-que-mi-cuerpo-enfermo\/#primaryimage"},"thumbnailUrl":"https:\/\/ivonneblanc.com\/wp-content\/uploads\/2024\/06\/Ir-a-un-psicologo-.jpg","articleSection":["Herramientas","Salud"],"inLanguage":"es","potentialAction":[{"@type":"CommentAction","name":"Comment","target":["https:\/\/ivonneblanc.com\/ivonne-blanc-psicologa-en-montevideo\/por-que-mi-cuerpo-enfermo\/#respond"]}]},{"@type":"WebPage","@id":"https:\/\/ivonneblanc.com\/ivonne-blanc-psicologa-en-montevideo\/por-que-mi-cuerpo-enfermo\/","url":"https:\/\/ivonneblanc.com\/ivonne-blanc-psicologa-en-montevideo\/por-que-mi-cuerpo-enfermo\/","name":"\u00bfPor qu\u00e9 mi cuerpo enferm\u00f3? - Psic\u00f3loga Ivonne Blanc","isPartOf":{"@id":"https:\/\/ivonneblanc.com\/ivonne-blanc-psicologa-en-montevideo\/#website"},"primaryImageOfPage":{"@id":"https:\/\/ivonneblanc.com\/ivonne-blanc-psicologa-en-montevideo\/por-que-mi-cuerpo-enfermo\/#primaryimage"},"image":{"@id":"https:\/\/ivonneblanc.com\/ivonne-blanc-psicologa-en-montevideo\/por-que-mi-cuerpo-enfermo\/#primaryimage"},"thumbnailUrl":"https:\/\/ivonneblanc.com\/wp-content\/uploads\/2024\/06\/Ir-a-un-psicologo-.jpg","datePublished":"2024-06-18T20:50:49+00:00","dateModified":"2024-06-26T18:28:27+00:00","author":{"@id":"https:\/\/ivonneblanc.com\/ivonne-blanc-psicologa-en-montevideo\/#\/schema\/person\/1faf0bc4bbe8ab6f86087f6ca1a937ec"},"description":"Cuales son las razones por las que mi cuerpo enfem\u00f3? Fue el destino o hay otras cosas que incidieron en ello?","breadcrumb":{"@id":"https:\/\/ivonneblanc.com\/ivonne-blanc-psicologa-en-montevideo\/por-que-mi-cuerpo-enfermo\/#breadcrumb"},"inLanguage":"es","potentialAction":[{"@type":"ReadAction","target":["https:\/\/ivonneblanc.com\/ivonne-blanc-psicologa-en-montevideo\/por-que-mi-cuerpo-enfermo\/"]}]},{"@type":"ImageObject","inLanguage":"es","@id":"https:\/\/ivonneblanc.com\/ivonne-blanc-psicologa-en-montevideo\/por-que-mi-cuerpo-enfermo\/#primaryimage","url":"https:\/\/ivonneblanc.com\/wp-content\/uploads\/2024\/06\/Ir-a-un-psicologo-.jpg","contentUrl":"https:\/\/ivonneblanc.com\/wp-content\/uploads\/2024\/06\/Ir-a-un-psicologo-.jpg"},{"@type":"BreadcrumbList","@id":"https:\/\/ivonneblanc.com\/ivonne-blanc-psicologa-en-montevideo\/por-que-mi-cuerpo-enfermo\/#breadcrumb","itemListElement":[{"@type":"ListItem","position":1,"name":"Portada","item":"https:\/\/ivonneblanc.com\/ivonne-blanc-psicologa-en-montevideo\/"},{"@type":"ListItem","position":2,"name":"\u00bfPor qu\u00e9 mi cuerpo enferm\u00f3?"}]},{"@type":"WebSite","@id":"https:\/\/ivonneblanc.com\/ivonne-blanc-psicologa-en-montevideo\/#website","url":"https:\/\/ivonneblanc.com\/ivonne-blanc-psicologa-en-montevideo\/","name":"Psic\u00f3loga Ivonne Blanc","description":"","potentialAction":[{"@type":"SearchAction","target":{"@type":"EntryPoint","urlTemplate":"https:\/\/ivonneblanc.com\/ivonne-blanc-psicologa-en-montevideo\/?s={search_term_string}"},"query-input":{"@type":"PropertyValueSpecification","valueRequired":true,"valueName":"search_term_string"}}],"inLanguage":"es"},{"@type":"Person","@id":"https:\/\/ivonneblanc.com\/ivonne-blanc-psicologa-en-montevideo\/#\/schema\/person\/1faf0bc4bbe8ab6f86087f6ca1a937ec","name":"Ivonne Blanc","image":{"@type":"ImageObject","inLanguage":"es","@id":"https:\/\/secure.gravatar.com\/avatar\/506f20d83de1cae332248fa767102ec0a72e2f18fdaf845cd11c50a131481b16?s=96&d=mm&r=g","url":"https:\/\/secure.gravatar.com\/avatar\/506f20d83de1cae332248fa767102ec0a72e2f18fdaf845cd11c50a131481b16?s=96&d=mm&r=g","contentUrl":"https:\/\/secure.gravatar.com\/avatar\/506f20d83de1cae332248fa767102ec0a72e2f18fdaf845cd11c50a131481b16?s=96&d=mm&r=g","caption":"Ivonne Blanc"},"sameAs":["https:\/\/ivonneblanc.com","https:\/\/www.facebook.com\/PsicologaIvonneBlanc"],"url":"https:\/\/ivonneblanc.com\/ivonne-blanc-psicologa-en-montevideo\/author\/ivonne\/"}]}},"_links":{"self":[{"href":"https:\/\/ivonneblanc.com\/ivonne-blanc-psicologa-en-montevideo\/wp-json\/wp\/v2\/posts\/90","targetHints":{"allow":["GET"]}}],"collection":[{"href":"https:\/\/ivonneblanc.com\/ivonne-blanc-psicologa-en-montevideo\/wp-json\/wp\/v2\/posts"}],"about":[{"href":"https:\/\/ivonneblanc.com\/ivonne-blanc-psicologa-en-montevideo\/wp-json\/wp\/v2\/types\/post"}],"author":[{"embeddable":true,"href":"https:\/\/ivonneblanc.com\/ivonne-blanc-psicologa-en-montevideo\/wp-json\/wp\/v2\/users\/4"}],"replies":[{"embeddable":true,"href":"https:\/\/ivonneblanc.com\/ivonne-blanc-psicologa-en-montevideo\/wp-json\/wp\/v2\/comments?post=90"}],"version-history":[{"count":4,"href":"https:\/\/ivonneblanc.com\/ivonne-blanc-psicologa-en-montevideo\/wp-json\/wp\/v2\/posts\/90\/revisions"}],"predecessor-version":[{"id":647,"href":"https:\/\/ivonneblanc.com\/ivonne-blanc-psicologa-en-montevideo\/wp-json\/wp\/v2\/posts\/90\/revisions\/647"}],"wp:attachment":[{"href":"https:\/\/ivonneblanc.com\/ivonne-blanc-psicologa-en-montevideo\/wp-json\/wp\/v2\/media?parent=90"}],"wp:term":[{"taxonomy":"category","embeddable":true,"href":"https:\/\/ivonneblanc.com\/ivonne-blanc-psicologa-en-montevideo\/wp-json\/wp\/v2\/categories?post=90"},{"taxonomy":"post_tag","embeddable":true,"href":"https:\/\/ivonneblanc.com\/ivonne-blanc-psicologa-en-montevideo\/wp-json\/wp\/v2\/tags?post=90"}],"curies":[{"name":"wp","href":"https:\/\/api.w.org\/{rel}","templated":true}]}}