{"id":869,"date":"2024-09-30T18:53:45","date_gmt":"2024-09-30T18:53:45","guid":{"rendered":"https:\/\/ivonneblanc.com\/ivonne-blanc-psicologa-en-montevideo\/?p=869"},"modified":"2024-09-30T18:53:45","modified_gmt":"2024-09-30T18:53:45","slug":"rigidez-estres-cronico-y-trauma","status":"publish","type":"post","link":"https:\/\/ivonneblanc.com\/ivonne-blanc-psicologa-en-montevideo\/rigidez-estres-cronico-y-trauma\/","title":{"rendered":"Rigidez, estr\u00e9s cr\u00f3nico y trauma"},"content":{"rendered":"<p><a href=\"https:\/\/ivonneblanc.com\/wp-content\/uploads\/2024\/09\/woman-8563442_1280.jpg\"><img loading=\"lazy\" decoding=\"async\" class=\"aligncenter size-full wp-image-875\" src=\"https:\/\/ivonneblanc.com\/wp-content\/uploads\/2024\/09\/woman-8563442_1280.jpg\" alt=\"Rigidez estres cronico trauma\" width=\"1280\" height=\"853\" srcset=\"https:\/\/ivonneblanc.com\/wp-content\/uploads\/2024\/09\/woman-8563442_1280.jpg 1280w, https:\/\/ivonneblanc.com\/wp-content\/uploads\/2024\/09\/woman-8563442_1280-300x200.jpg 300w, https:\/\/ivonneblanc.com\/wp-content\/uploads\/2024\/09\/woman-8563442_1280-1024x682.jpg 1024w, https:\/\/ivonneblanc.com\/wp-content\/uploads\/2024\/09\/woman-8563442_1280-768x512.jpg 768w, https:\/\/ivonneblanc.com\/wp-content\/uploads\/2024\/09\/woman-8563442_1280-192x128.jpg 192w\" sizes=\"auto, (max-width: 1280px) 100vw, 1280px\" \/><\/a><\/p>\n<p>Infinidad de veces he visto personas que experimentan dificultades en el movimiento de su cuerpo. Y mucha de esta rigidez puede tener como causa estr\u00e9s cr\u00f3nico y trauma.<\/p>\n<p><strong>\u00bfC\u00f3mo ser\u00eda?<\/strong><\/p>\n<p>Las personas recorren un camino (necesario) de rehabilitaci\u00f3n y los s\u00edntomas no ceden, desaparecen y vuelven a aparecer.<\/p>\n<p>All\u00ed, se hacen necesarios otros <a href=\"https:\/\/ivonneblanc.com\/ivonne-blanc-psicologa-en-montevideo\/la-importancia-del-cuerpo-en-las-consultas\/\">procesos<\/a>.<\/p>\n<p>Es tanta la desconexi\u00f3n que experimentamos con nosotros mismos en estos tiempos, que cambian las cosas en nuestro sentir y ni siquiera logramos percibirlo, hasta que un<a href=\"https:\/\/ivonneblanc.com\/ivonne-blanc-psicologa-en-montevideo\/sanar-desde-la-experiencia-somatica\/\"> terapeuta som\u00e1tico<\/a> lo se\u00f1ala.<\/p>\n<p>Cuando ocurre la desconexi\u00f3n esta es la se\u00f1al directa de <a href=\"https:\/\/ivonneblanc.com\/ivonne-blanc-psicologa-en-montevideo\/como-mejorar-tu-reaccion-frente-al-estres\/\">desregulaci\u00f3n del sistema nervioso<\/a>.<\/p>\n<p><strong>La necesidad de un terapeuta som\u00e1tico.<\/strong><\/p>\n<p>El sistema nervioso se regula a trav\u00e9s del cuerpo, de las sensaciones (entre otras cosas). Entonces es necesario agregar a este camino la presencia de un terapeuta som\u00e1tico.<\/p>\n<p>Es m\u00e1s, generar esta sinergia entere terapia som\u00e1tica y rehabilitaci\u00f3n puede generar grandes avances.<\/p>\n<p>Se necesita ampliar la mirada. No somos una m\u00e1quina. No alcanza con tratar lo \u201ctangible\u201d.<\/p>\n<p><strong>Ejemplo<\/strong><\/p>\n<p>Un ejemplo claro de esto, es un dolor de cuello.<\/p>\n<p>A veces la dificultad para mover el cuello puede tener que ver con que no pude defenderme de un ataque y esa energ\u00eda no utilizada para la defensa, qued\u00f3 all\u00ed estancada, generando <a href=\"https:\/\/ivonneblanc.com\/ivonne-blanc-psicologa-en-montevideo\/no-puedo-superarlo\/\">rigidez<\/a>.<\/p>\n<p>Trabajar a trav\u00e9s del cuerpo, no es magia, son procesos que llevan su tiempo. Son procedimientos que se ajustan a la ventana de tolerancia de cada consultante.<\/p>\n<p>Por esto mismo, debemos acostumbrar nuestra mirada a los peque\u00f1os avances de nuestros procesos personales, que, en definitiva, terminan siendo los m\u00e1s profundos.<\/p>\n<p>Tiene soluci\u00f3n.<\/p>\n","protected":false},"excerpt":{"rendered":"<p>Infinidad de veces he visto personas que experimentan dificultades en el movimiento de su cuerpo. Y mucha de esta rigidez puede tener como causa estr\u00e9s cr\u00f3nico y trauma. \u00bfC\u00f3mo ser\u00eda? Las personas recorren un camino (necesario) de rehabilitaci\u00f3n y los s\u00edntomas no ceden, desaparecen y vuelven a aparecer. All\u00ed, se hacen necesarios otros procesos. Es &hellip; <a href=\"https:\/\/ivonneblanc.com\/ivonne-blanc-psicologa-en-montevideo\/rigidez-estres-cronico-y-trauma\/\" class=\"more-link\">Contin\u00faa leyendo <span class=\"screen-reader-text\">Rigidez, estr\u00e9s cr\u00f3nico y trauma<\/span><\/a><\/p>\n","protected":false},"author":4,"featured_media":0,"comment_status":"open","ping_status":"open","sticky":false,"template":"","format":"standard","meta":{"_joinchat":[],"footnotes":""},"categories":[1],"tags":[],"class_list":["post-869","post","type-post","status-publish","format-standard","hentry","category-autoayuda"],"yoast_head":"<!-- This site is optimized with the Yoast SEO plugin v27.5 - https:\/\/yoast.com\/product\/yoast-seo-wordpress\/ -->\n<title>Rigidez, estr\u00e9s cr\u00f3nico y trauma - Psic\u00f3loga Ivonne Blanc<\/title>\n<meta name=\"description\" content=\"La rigidez en el cuerpo y en nuestra forma de vivir puede tener directa relaci\u00f3n con el estr\u00e9s cr\u00f3nico y el trauma.\" \/>\n<meta name=\"robots\" content=\"index, follow, max-snippet:-1, max-image-preview:large, max-video-preview:-1\" \/>\n<link rel=\"canonical\" href=\"https:\/\/ivonneblanc.com\/ivonne-blanc-psicologa-en-montevideo\/rigidez-estres-cronico-y-trauma\/\" \/>\n<meta property=\"og:locale\" content=\"es_ES\" \/>\n<meta property=\"og:type\" content=\"article\" \/>\n<meta property=\"og:title\" content=\"Rigidez, estr\u00e9s cr\u00f3nico y trauma - Psic\u00f3loga Ivonne Blanc\" \/>\n<meta property=\"og:description\" content=\"La rigidez en el cuerpo y en nuestra forma de vivir puede tener directa relaci\u00f3n con el estr\u00e9s cr\u00f3nico y el trauma.\" \/>\n<meta property=\"og:url\" content=\"https:\/\/ivonneblanc.com\/ivonne-blanc-psicologa-en-montevideo\/rigidez-estres-cronico-y-trauma\/\" \/>\n<meta property=\"og:site_name\" content=\"Psic\u00f3loga Ivonne Blanc\" \/>\n<meta property=\"article:author\" content=\"https:\/\/www.facebook.com\/PsicologaIvonneBlanc\" \/>\n<meta property=\"article:published_time\" content=\"2024-09-30T18:53:45+00:00\" \/>\n<meta property=\"og:image\" content=\"https:\/\/ivonneblanc.com\/wp-content\/uploads\/2024\/09\/woman-8563442_1280.jpg\" \/>\n<meta name=\"author\" content=\"Ivonne Blanc\" \/>\n<meta name=\"twitter:card\" content=\"summary_large_image\" \/>\n<meta name=\"twitter:label1\" content=\"Escrito por\" \/>\n\t<meta name=\"twitter:data1\" content=\"Ivonne Blanc\" \/>\n\t<meta name=\"twitter:label2\" content=\"Tiempo de lectura\" \/>\n\t<meta name=\"twitter:data2\" content=\"2 minutos\" \/>\n<script type=\"application\/ld+json\" class=\"yoast-schema-graph\">{\"@context\":\"https:\\\/\\\/schema.org\",\"@graph\":[{\"@type\":\"Article\",\"@id\":\"https:\\\/\\\/ivonneblanc.com\\\/ivonne-blanc-psicologa-en-montevideo\\\/rigidez-estres-cronico-y-trauma\\\/#article\",\"isPartOf\":{\"@id\":\"https:\\\/\\\/ivonneblanc.com\\\/ivonne-blanc-psicologa-en-montevideo\\\/rigidez-estres-cronico-y-trauma\\\/\"},\"author\":{\"name\":\"Ivonne Blanc\",\"@id\":\"https:\\\/\\\/ivonneblanc.com\\\/ivonne-blanc-psicologa-en-montevideo\\\/#\\\/schema\\\/person\\\/1faf0bc4bbe8ab6f86087f6ca1a937ec\"},\"headline\":\"Rigidez, estr\u00e9s cr\u00f3nico y trauma\",\"datePublished\":\"2024-09-30T18:53:45+00:00\",\"mainEntityOfPage\":{\"@id\":\"https:\\\/\\\/ivonneblanc.com\\\/ivonne-blanc-psicologa-en-montevideo\\\/rigidez-estres-cronico-y-trauma\\\/\"},\"wordCount\":289,\"commentCount\":0,\"image\":{\"@id\":\"https:\\\/\\\/ivonneblanc.com\\\/ivonne-blanc-psicologa-en-montevideo\\\/rigidez-estres-cronico-y-trauma\\\/#primaryimage\"},\"thumbnailUrl\":\"https:\\\/\\\/ivonneblanc.com\\\/wp-content\\\/uploads\\\/2024\\\/09\\\/woman-8563442_1280.jpg\",\"articleSection\":[\"Autoayuda\"],\"inLanguage\":\"es\",\"potentialAction\":[{\"@type\":\"CommentAction\",\"name\":\"Comment\",\"target\":[\"https:\\\/\\\/ivonneblanc.com\\\/ivonne-blanc-psicologa-en-montevideo\\\/rigidez-estres-cronico-y-trauma\\\/#respond\"]}]},{\"@type\":\"WebPage\",\"@id\":\"https:\\\/\\\/ivonneblanc.com\\\/ivonne-blanc-psicologa-en-montevideo\\\/rigidez-estres-cronico-y-trauma\\\/\",\"url\":\"https:\\\/\\\/ivonneblanc.com\\\/ivonne-blanc-psicologa-en-montevideo\\\/rigidez-estres-cronico-y-trauma\\\/\",\"name\":\"Rigidez, estr\u00e9s cr\u00f3nico y trauma - Psic\u00f3loga Ivonne Blanc\",\"isPartOf\":{\"@id\":\"https:\\\/\\\/ivonneblanc.com\\\/ivonne-blanc-psicologa-en-montevideo\\\/#website\"},\"primaryImageOfPage\":{\"@id\":\"https:\\\/\\\/ivonneblanc.com\\\/ivonne-blanc-psicologa-en-montevideo\\\/rigidez-estres-cronico-y-trauma\\\/#primaryimage\"},\"image\":{\"@id\":\"https:\\\/\\\/ivonneblanc.com\\\/ivonne-blanc-psicologa-en-montevideo\\\/rigidez-estres-cronico-y-trauma\\\/#primaryimage\"},\"thumbnailUrl\":\"https:\\\/\\\/ivonneblanc.com\\\/wp-content\\\/uploads\\\/2024\\\/09\\\/woman-8563442_1280.jpg\",\"datePublished\":\"2024-09-30T18:53:45+00:00\",\"author\":{\"@id\":\"https:\\\/\\\/ivonneblanc.com\\\/ivonne-blanc-psicologa-en-montevideo\\\/#\\\/schema\\\/person\\\/1faf0bc4bbe8ab6f86087f6ca1a937ec\"},\"description\":\"La rigidez en el cuerpo y en nuestra forma de vivir puede tener directa relaci\u00f3n con el estr\u00e9s cr\u00f3nico y el trauma.\",\"breadcrumb\":{\"@id\":\"https:\\\/\\\/ivonneblanc.com\\\/ivonne-blanc-psicologa-en-montevideo\\\/rigidez-estres-cronico-y-trauma\\\/#breadcrumb\"},\"inLanguage\":\"es\",\"potentialAction\":[{\"@type\":\"ReadAction\",\"target\":[\"https:\\\/\\\/ivonneblanc.com\\\/ivonne-blanc-psicologa-en-montevideo\\\/rigidez-estres-cronico-y-trauma\\\/\"]}]},{\"@type\":\"ImageObject\",\"inLanguage\":\"es\",\"@id\":\"https:\\\/\\\/ivonneblanc.com\\\/ivonne-blanc-psicologa-en-montevideo\\\/rigidez-estres-cronico-y-trauma\\\/#primaryimage\",\"url\":\"https:\\\/\\\/ivonneblanc.com\\\/wp-content\\\/uploads\\\/2024\\\/09\\\/woman-8563442_1280.jpg\",\"contentUrl\":\"https:\\\/\\\/ivonneblanc.com\\\/wp-content\\\/uploads\\\/2024\\\/09\\\/woman-8563442_1280.jpg\"},{\"@type\":\"BreadcrumbList\",\"@id\":\"https:\\\/\\\/ivonneblanc.com\\\/ivonne-blanc-psicologa-en-montevideo\\\/rigidez-estres-cronico-y-trauma\\\/#breadcrumb\",\"itemListElement\":[{\"@type\":\"ListItem\",\"position\":1,\"name\":\"Portada\",\"item\":\"https:\\\/\\\/ivonneblanc.com\\\/ivonne-blanc-psicologa-en-montevideo\\\/\"},{\"@type\":\"ListItem\",\"position\":2,\"name\":\"Rigidez, estr\u00e9s cr\u00f3nico y trauma\"}]},{\"@type\":\"WebSite\",\"@id\":\"https:\\\/\\\/ivonneblanc.com\\\/ivonne-blanc-psicologa-en-montevideo\\\/#website\",\"url\":\"https:\\\/\\\/ivonneblanc.com\\\/ivonne-blanc-psicologa-en-montevideo\\\/\",\"name\":\"Psic\u00f3loga Ivonne Blanc\",\"description\":\"\",\"potentialAction\":[{\"@type\":\"SearchAction\",\"target\":{\"@type\":\"EntryPoint\",\"urlTemplate\":\"https:\\\/\\\/ivonneblanc.com\\\/ivonne-blanc-psicologa-en-montevideo\\\/?s={search_term_string}\"},\"query-input\":{\"@type\":\"PropertyValueSpecification\",\"valueRequired\":true,\"valueName\":\"search_term_string\"}}],\"inLanguage\":\"es\"},{\"@type\":\"Person\",\"@id\":\"https:\\\/\\\/ivonneblanc.com\\\/ivonne-blanc-psicologa-en-montevideo\\\/#\\\/schema\\\/person\\\/1faf0bc4bbe8ab6f86087f6ca1a937ec\",\"name\":\"Ivonne Blanc\",\"image\":{\"@type\":\"ImageObject\",\"inLanguage\":\"es\",\"@id\":\"https:\\\/\\\/secure.gravatar.com\\\/avatar\\\/506f20d83de1cae332248fa767102ec0a72e2f18fdaf845cd11c50a131481b16?s=96&d=mm&r=g\",\"url\":\"https:\\\/\\\/secure.gravatar.com\\\/avatar\\\/506f20d83de1cae332248fa767102ec0a72e2f18fdaf845cd11c50a131481b16?s=96&d=mm&r=g\",\"contentUrl\":\"https:\\\/\\\/secure.gravatar.com\\\/avatar\\\/506f20d83de1cae332248fa767102ec0a72e2f18fdaf845cd11c50a131481b16?s=96&d=mm&r=g\",\"caption\":\"Ivonne Blanc\"},\"sameAs\":[\"https:\\\/\\\/ivonneblanc.com\",\"https:\\\/\\\/www.facebook.com\\\/PsicologaIvonneBlanc\"],\"url\":\"https:\\\/\\\/ivonneblanc.com\\\/ivonne-blanc-psicologa-en-montevideo\\\/author\\\/ivonne\\\/\"}]}<\/script>\n<!-- \/ Yoast SEO plugin. -->","yoast_head_json":{"title":"Rigidez, estr\u00e9s cr\u00f3nico y trauma - Psic\u00f3loga Ivonne Blanc","description":"La rigidez en el cuerpo y en nuestra forma de vivir puede tener directa relaci\u00f3n con el estr\u00e9s cr\u00f3nico y el trauma.","robots":{"index":"index","follow":"follow","max-snippet":"max-snippet:-1","max-image-preview":"max-image-preview:large","max-video-preview":"max-video-preview:-1"},"canonical":"https:\/\/ivonneblanc.com\/ivonne-blanc-psicologa-en-montevideo\/rigidez-estres-cronico-y-trauma\/","og_locale":"es_ES","og_type":"article","og_title":"Rigidez, estr\u00e9s cr\u00f3nico y trauma - Psic\u00f3loga Ivonne Blanc","og_description":"La rigidez en el cuerpo y en nuestra forma de vivir puede tener directa relaci\u00f3n con el estr\u00e9s cr\u00f3nico y el trauma.","og_url":"https:\/\/ivonneblanc.com\/ivonne-blanc-psicologa-en-montevideo\/rigidez-estres-cronico-y-trauma\/","og_site_name":"Psic\u00f3loga Ivonne Blanc","article_author":"https:\/\/www.facebook.com\/PsicologaIvonneBlanc","article_published_time":"2024-09-30T18:53:45+00:00","og_image":[{"url":"https:\/\/ivonneblanc.com\/wp-content\/uploads\/2024\/09\/woman-8563442_1280.jpg","type":"","width":"","height":""}],"author":"Ivonne Blanc","twitter_card":"summary_large_image","twitter_misc":{"Escrito por":"Ivonne Blanc","Tiempo de lectura":"2 minutos"},"schema":{"@context":"https:\/\/schema.org","@graph":[{"@type":"Article","@id":"https:\/\/ivonneblanc.com\/ivonne-blanc-psicologa-en-montevideo\/rigidez-estres-cronico-y-trauma\/#article","isPartOf":{"@id":"https:\/\/ivonneblanc.com\/ivonne-blanc-psicologa-en-montevideo\/rigidez-estres-cronico-y-trauma\/"},"author":{"name":"Ivonne Blanc","@id":"https:\/\/ivonneblanc.com\/ivonne-blanc-psicologa-en-montevideo\/#\/schema\/person\/1faf0bc4bbe8ab6f86087f6ca1a937ec"},"headline":"Rigidez, estr\u00e9s cr\u00f3nico y trauma","datePublished":"2024-09-30T18:53:45+00:00","mainEntityOfPage":{"@id":"https:\/\/ivonneblanc.com\/ivonne-blanc-psicologa-en-montevideo\/rigidez-estres-cronico-y-trauma\/"},"wordCount":289,"commentCount":0,"image":{"@id":"https:\/\/ivonneblanc.com\/ivonne-blanc-psicologa-en-montevideo\/rigidez-estres-cronico-y-trauma\/#primaryimage"},"thumbnailUrl":"https:\/\/ivonneblanc.com\/wp-content\/uploads\/2024\/09\/woman-8563442_1280.jpg","articleSection":["Autoayuda"],"inLanguage":"es","potentialAction":[{"@type":"CommentAction","name":"Comment","target":["https:\/\/ivonneblanc.com\/ivonne-blanc-psicologa-en-montevideo\/rigidez-estres-cronico-y-trauma\/#respond"]}]},{"@type":"WebPage","@id":"https:\/\/ivonneblanc.com\/ivonne-blanc-psicologa-en-montevideo\/rigidez-estres-cronico-y-trauma\/","url":"https:\/\/ivonneblanc.com\/ivonne-blanc-psicologa-en-montevideo\/rigidez-estres-cronico-y-trauma\/","name":"Rigidez, estr\u00e9s cr\u00f3nico y trauma - Psic\u00f3loga Ivonne Blanc","isPartOf":{"@id":"https:\/\/ivonneblanc.com\/ivonne-blanc-psicologa-en-montevideo\/#website"},"primaryImageOfPage":{"@id":"https:\/\/ivonneblanc.com\/ivonne-blanc-psicologa-en-montevideo\/rigidez-estres-cronico-y-trauma\/#primaryimage"},"image":{"@id":"https:\/\/ivonneblanc.com\/ivonne-blanc-psicologa-en-montevideo\/rigidez-estres-cronico-y-trauma\/#primaryimage"},"thumbnailUrl":"https:\/\/ivonneblanc.com\/wp-content\/uploads\/2024\/09\/woman-8563442_1280.jpg","datePublished":"2024-09-30T18:53:45+00:00","author":{"@id":"https:\/\/ivonneblanc.com\/ivonne-blanc-psicologa-en-montevideo\/#\/schema\/person\/1faf0bc4bbe8ab6f86087f6ca1a937ec"},"description":"La rigidez en el cuerpo y en nuestra forma de vivir puede tener directa relaci\u00f3n con el estr\u00e9s cr\u00f3nico y el trauma.","breadcrumb":{"@id":"https:\/\/ivonneblanc.com\/ivonne-blanc-psicologa-en-montevideo\/rigidez-estres-cronico-y-trauma\/#breadcrumb"},"inLanguage":"es","potentialAction":[{"@type":"ReadAction","target":["https:\/\/ivonneblanc.com\/ivonne-blanc-psicologa-en-montevideo\/rigidez-estres-cronico-y-trauma\/"]}]},{"@type":"ImageObject","inLanguage":"es","@id":"https:\/\/ivonneblanc.com\/ivonne-blanc-psicologa-en-montevideo\/rigidez-estres-cronico-y-trauma\/#primaryimage","url":"https:\/\/ivonneblanc.com\/wp-content\/uploads\/2024\/09\/woman-8563442_1280.jpg","contentUrl":"https:\/\/ivonneblanc.com\/wp-content\/uploads\/2024\/09\/woman-8563442_1280.jpg"},{"@type":"BreadcrumbList","@id":"https:\/\/ivonneblanc.com\/ivonne-blanc-psicologa-en-montevideo\/rigidez-estres-cronico-y-trauma\/#breadcrumb","itemListElement":[{"@type":"ListItem","position":1,"name":"Portada","item":"https:\/\/ivonneblanc.com\/ivonne-blanc-psicologa-en-montevideo\/"},{"@type":"ListItem","position":2,"name":"Rigidez, estr\u00e9s cr\u00f3nico y trauma"}]},{"@type":"WebSite","@id":"https:\/\/ivonneblanc.com\/ivonne-blanc-psicologa-en-montevideo\/#website","url":"https:\/\/ivonneblanc.com\/ivonne-blanc-psicologa-en-montevideo\/","name":"Psic\u00f3loga Ivonne Blanc","description":"","potentialAction":[{"@type":"SearchAction","target":{"@type":"EntryPoint","urlTemplate":"https:\/\/ivonneblanc.com\/ivonne-blanc-psicologa-en-montevideo\/?s={search_term_string}"},"query-input":{"@type":"PropertyValueSpecification","valueRequired":true,"valueName":"search_term_string"}}],"inLanguage":"es"},{"@type":"Person","@id":"https:\/\/ivonneblanc.com\/ivonne-blanc-psicologa-en-montevideo\/#\/schema\/person\/1faf0bc4bbe8ab6f86087f6ca1a937ec","name":"Ivonne Blanc","image":{"@type":"ImageObject","inLanguage":"es","@id":"https:\/\/secure.gravatar.com\/avatar\/506f20d83de1cae332248fa767102ec0a72e2f18fdaf845cd11c50a131481b16?s=96&d=mm&r=g","url":"https:\/\/secure.gravatar.com\/avatar\/506f20d83de1cae332248fa767102ec0a72e2f18fdaf845cd11c50a131481b16?s=96&d=mm&r=g","contentUrl":"https:\/\/secure.gravatar.com\/avatar\/506f20d83de1cae332248fa767102ec0a72e2f18fdaf845cd11c50a131481b16?s=96&d=mm&r=g","caption":"Ivonne Blanc"},"sameAs":["https:\/\/ivonneblanc.com","https:\/\/www.facebook.com\/PsicologaIvonneBlanc"],"url":"https:\/\/ivonneblanc.com\/ivonne-blanc-psicologa-en-montevideo\/author\/ivonne\/"}]}},"_links":{"self":[{"href":"https:\/\/ivonneblanc.com\/ivonne-blanc-psicologa-en-montevideo\/wp-json\/wp\/v2\/posts\/869","targetHints":{"allow":["GET"]}}],"collection":[{"href":"https:\/\/ivonneblanc.com\/ivonne-blanc-psicologa-en-montevideo\/wp-json\/wp\/v2\/posts"}],"about":[{"href":"https:\/\/ivonneblanc.com\/ivonne-blanc-psicologa-en-montevideo\/wp-json\/wp\/v2\/types\/post"}],"author":[{"embeddable":true,"href":"https:\/\/ivonneblanc.com\/ivonne-blanc-psicologa-en-montevideo\/wp-json\/wp\/v2\/users\/4"}],"replies":[{"embeddable":true,"href":"https:\/\/ivonneblanc.com\/ivonne-blanc-psicologa-en-montevideo\/wp-json\/wp\/v2\/comments?post=869"}],"version-history":[{"count":4,"href":"https:\/\/ivonneblanc.com\/ivonne-blanc-psicologa-en-montevideo\/wp-json\/wp\/v2\/posts\/869\/revisions"}],"predecessor-version":[{"id":877,"href":"https:\/\/ivonneblanc.com\/ivonne-blanc-psicologa-en-montevideo\/wp-json\/wp\/v2\/posts\/869\/revisions\/877"}],"wp:attachment":[{"href":"https:\/\/ivonneblanc.com\/ivonne-blanc-psicologa-en-montevideo\/wp-json\/wp\/v2\/media?parent=869"}],"wp:term":[{"taxonomy":"category","embeddable":true,"href":"https:\/\/ivonneblanc.com\/ivonne-blanc-psicologa-en-montevideo\/wp-json\/wp\/v2\/categories?post=869"},{"taxonomy":"post_tag","embeddable":true,"href":"https:\/\/ivonneblanc.com\/ivonne-blanc-psicologa-en-montevideo\/wp-json\/wp\/v2\/tags?post=869"}],"curies":[{"name":"wp","href":"https:\/\/api.w.org\/{rel}","templated":true}]}}