{"id":30,"date":"2024-06-24T18:22:39","date_gmt":"2024-06-24T18:22:39","guid":{"rendered":"https:\/\/ivonneblanc.com\/?p=30"},"modified":"2024-06-24T18:37:18","modified_gmt":"2024-06-24T18:37:18","slug":"la-enfermedad-como-senal","status":"publish","type":"post","link":"https:\/\/ivonneblanc.com\/ivonne-blanc-psicologa-en-montevideo\/la-enfermedad-como-senal\/","title":{"rendered":"La enfermedad como se\u00f1al"},"content":{"rendered":"\r\n<p><a href=\"https:\/\/ivonneblanc.com\/wp-content\/uploads\/2024\/06\/Dimensiones-1.jpg\"><img loading=\"lazy\" decoding=\"async\" class=\"aligncenter size-full wp-image-419\" src=\"https:\/\/ivonneblanc.com\/wp-content\/uploads\/2024\/06\/Dimensiones-1.jpg\" alt=\"Enfermedad como se\u00f1al\" width=\"1920\" height=\"1280\" srcset=\"https:\/\/ivonneblanc.com\/wp-content\/uploads\/2024\/06\/Dimensiones-1.jpg 1920w, https:\/\/ivonneblanc.com\/wp-content\/uploads\/2024\/06\/Dimensiones-1-300x200.jpg 300w, https:\/\/ivonneblanc.com\/wp-content\/uploads\/2024\/06\/Dimensiones-1-1024x683.jpg 1024w, https:\/\/ivonneblanc.com\/wp-content\/uploads\/2024\/06\/Dimensiones-1-768x512.jpg 768w, https:\/\/ivonneblanc.com\/wp-content\/uploads\/2024\/06\/Dimensiones-1-1536x1024.jpg 1536w, https:\/\/ivonneblanc.com\/wp-content\/uploads\/2024\/06\/Dimensiones-1-192x128.jpg 192w\" sizes=\"auto, (max-width: 1920px) 100vw, 1920px\" \/><\/a><\/p>\r\n<p>Enfermedad, sin duda un t\u00e9rmino muy fuerte. Lo sano, lo insano, lo normal, lo patol\u00f3gico. A nadie le gusta estar enfermo, de lo contrario algo sucede. En este art\u00edculo veremos la enfermedad como se\u00f1al.<\/p>\r\n\r\n\r\n\r\n\r\n\r\n\r\n\r\n<p>\u00bfC\u00f3mo te paras frente a este estado, con qu\u00e9 mirada lo enfrentas\u00bf Como castigo que viene del afuera, como agresi\u00f3n o como <a href=\"https:\/\/ivonneblanc.com\/ivonne-blanc-psicologa-en-montevideo\/puedes-convertir-una-crisis-en-oportunidad\/\">oportunidad<\/a>.<\/p>\r\n\r\n\r\n\r\n<p>Me preguntar\u00e1s: \u00bfOportunidad de qu\u00e9?<\/p>\r\n\r\n\r\n\r\n<p>Oportunidad de escuchar las se\u00f1ales que tu cuerpo te env\u00eda de una posible enfermedad.<\/p>\r\n\r\n\r\n\r\n<p><strong>En s\u00edntesis es eso. Nuestro cuerpo nos <a href=\"https:\/\/ivonneblanc.com\/ivonne-blanc-psicologa-en-montevideo\/por-que-mi-cuerpo-enfermo\/\">env\u00eda se\u00f1ales<\/a> y muchas veces no son escuchadas por nosotros. Se\u00f1ales que nos invitan a parar, y no lo hacemos.<\/strong><\/p>\r\n\r\n\r\n\r\n<p>Porque lo dejas pasar, porque no podes parar o porque crees que no es importante. Adem\u00e1s de que socialmente es estimulado y valorado el soportar (desde lo religioso, desde lo laboral, etc.)<\/p>\r\n\r\n\r\n\r\n<p>Hasta que llega un momento que es obligatorio hacerlo.<\/p>\r\n\r\n\r\n\r\n<p>Se te hace necesario generar un <a href=\"https:\/\/ivonneblanc.com\/ivonne-blanc-psicologa-en-montevideo\/aprende-a-escuchar-tus-emociones\/\">di\u00e1logo con tu cuerpo<\/a>, que permita llevar a cabo ciertos cambios para mejorar tu calidad de vida.<\/p>\r\n\r\n\r\n\r\n<p>Tu cuerpo te avisa que de esta forma (aliment\u00e1ndote, durmiendo, relacion\u00e1ndote as\u00ed) ya no es sano funcionar, porque es un riesgo para tu salud y por ende, para tu vida.<\/p>\r\n\r\n\r\n\r\n<p><strong>La idea no es tener una preocupaci\u00f3n excesiva, sino una escucha activa de ti mismo.<\/strong><\/p>\r\n\r\n\r\n\r\n<p><strong>Si bien lo gen\u00e9tico pesa y no lo podemos negar, no resulta ser algo determinante.<\/strong><\/p>\r\n\r\n\r\n\r\n<p>Puede existir predisposici\u00f3n gen\u00e9tica, pero los estilos de vida (alimentaci\u00f3n, sue\u00f1o, pensamientos, etc.) son factores de gran peso a la hora de contraer enfermedades, un ejemplo de ello son las enfermedades oncol\u00f3gicas (c\u00e1ncer).<\/p>\r\n\r\n\r\n\r\n<p>Si bien los tratamientos en ellas son mucho m\u00e1s esperanzadores que a\u00f1os atr\u00e1s, ya no tiene tanto peso lo gen\u00e9tico como los estilos de vida y el estr\u00e9s cr\u00f3nico.<\/p>\r\n\r\n\r\n\r\n<p>De aqu\u00ed la importancia de <a href=\"https:\/\/ivonneblanc.com\/ivonne-blanc-psicologa-en-montevideo\/como-subir-las-defensas\/\">fortalecer tu sistema inmune<\/a> (defensa del organismo).<\/p>\r\n\r\n\r\n\r\n<p>No puedes negar que las condiciones de vida de nuestro tiempo no son del todo saludables (multiempleo, poco tiempo para dormir, comer, disfrutar).<\/p>\r\n\r\n\r\n\r\n<p>Se hace necesario compensar estas falencias con momentos de <a href=\"https:\/\/ivonneblanc.com\/ivonne-blanc-psicologa-en-montevideo\/el-relax-tambien-es-una-necesidad\/\">relax:<\/a><\/p>\r\n\r\n\r\n\r\n<ul class=\"wp-block-list\">\r\n<li>Yoga.<\/li>\r\n\r\n\r\n\r\n<li>Ejercicio.<\/li>\r\n\r\n\r\n\r\n<li>Meditaci\u00f3n.<\/li>\r\n\r\n\r\n\r\n<li>Disfrute.<\/li>\r\n<\/ul>\r\n\r\n\r\n\r\n<p>Actividades antiestr\u00e9s fortalecedoras del sistema inmune.<\/p>\r\n\r\n\r\n\r\n<p>Frente a situaciones de estr\u00e9s cr\u00f3nico se liberan sustancias como el cortisol que debilitan nuestro sistema de defensas.<\/p>\r\n\r\n\r\n\r\n<p>Estas actividades y otras (cantar, bailar, hacer lo que te gusta, etc.) generan liberaci\u00f3n de endorfinas (sustancias del placer) y su consiguiente aumento del nivel de serotonina, que amortigua nuestro organismo frente a sucesos estresantes y por ende nos hace m\u00e1s fuertes.<\/p>\r\n\r\n\r\n\r\n<p>Y t\u00fa dir\u00e1s: \u00bfQu\u00e9 tiene que ver un art\u00edculo sobre la enfermedad y la importancia del sistema inmune? Mucho. Hoy en d\u00eda la mayor\u00eda de los profesionales de la salud nos centramos en el fortalecimiento de este sistema y las causas que lo debilitan para generar un estado de bienestar mayor en las personas. Se habla de potenciar la salud y por ende del fortalecimiento del sistema.<br \/>\u00bfY t\u00fa qu\u00e9 est\u00e1s haciendo para potenciar tu salud?<\/p>\r\n","protected":false},"excerpt":{"rendered":"<p>Enfermedad, sin duda un t\u00e9rmino muy fuerte. Lo sano, lo insano, lo normal, lo patol\u00f3gico. A nadie le gusta estar enfermo, de lo contrario algo sucede. En este art\u00edculo veremos la enfermedad como se\u00f1al. \u00bfC\u00f3mo te paras frente a este estado, con qu\u00e9 mirada lo enfrentas\u00bf Como castigo que viene del afuera, como agresi\u00f3n o &hellip; <a href=\"https:\/\/ivonneblanc.com\/ivonne-blanc-psicologa-en-montevideo\/la-enfermedad-como-senal\/\" class=\"more-link\">Contin\u00faa leyendo <span class=\"screen-reader-text\">La enfermedad como se\u00f1al<\/span><\/a><\/p>\n","protected":false},"author":4,"featured_media":0,"comment_status":"open","ping_status":"open","sticky":false,"template":"","format":"standard","meta":{"_joinchat":[],"footnotes":""},"categories":[1],"tags":[],"class_list":["post-30","post","type-post","status-publish","format-standard","hentry","category-autoayuda"],"yoast_head":"<!-- This site is optimized with the Yoast SEO plugin v27.5 - https:\/\/yoast.com\/product\/yoast-seo-wordpress\/ -->\n<title>La enfermedad como se\u00f1al - Psic\u00f3loga Ivonne Blanc<\/title>\n<meta name=\"description\" content=\"Palabra fuerte si las hay. Te invito en este art\u00edculo a ver la enfermedad como la oportunidad de revisar aspectos de tu vida que influyen.\" \/>\n<meta name=\"robots\" content=\"index, follow, max-snippet:-1, max-image-preview:large, max-video-preview:-1\" \/>\n<link rel=\"canonical\" href=\"https:\/\/ivonneblanc.com\/ivonne-blanc-psicologa-en-montevideo\/la-enfermedad-como-senal\/\" \/>\n<meta property=\"og:locale\" content=\"es_ES\" \/>\n<meta property=\"og:type\" content=\"article\" \/>\n<meta property=\"og:title\" content=\"La enfermedad como se\u00f1al - Psic\u00f3loga Ivonne Blanc\" \/>\n<meta property=\"og:description\" content=\"Palabra fuerte si las hay. Te invito en este art\u00edculo a ver la enfermedad como la oportunidad de revisar aspectos de tu vida que influyen.\" \/>\n<meta property=\"og:url\" content=\"https:\/\/ivonneblanc.com\/ivonne-blanc-psicologa-en-montevideo\/la-enfermedad-como-senal\/\" \/>\n<meta property=\"og:site_name\" content=\"Psic\u00f3loga Ivonne Blanc\" \/>\n<meta property=\"article:author\" content=\"https:\/\/www.facebook.com\/PsicologaIvonneBlanc\" \/>\n<meta property=\"article:published_time\" content=\"2024-06-24T18:22:39+00:00\" \/>\n<meta property=\"article:modified_time\" content=\"2024-06-24T18:37:18+00:00\" \/>\n<meta property=\"og:image\" content=\"https:\/\/ivonneblanc.com\/wp-content\/uploads\/2024\/06\/Dimensiones-1.jpg\" \/>\n<meta name=\"author\" content=\"Ivonne Blanc\" \/>\n<meta name=\"twitter:card\" content=\"summary_large_image\" \/>\n<meta name=\"twitter:label1\" content=\"Escrito por\" \/>\n\t<meta name=\"twitter:data1\" content=\"Ivonne Blanc\" \/>\n\t<meta name=\"twitter:label2\" content=\"Tiempo de lectura\" \/>\n\t<meta name=\"twitter:data2\" content=\"3 minutos\" \/>\n<script type=\"application\/ld+json\" class=\"yoast-schema-graph\">{\"@context\":\"https:\\\/\\\/schema.org\",\"@graph\":[{\"@type\":\"Article\",\"@id\":\"https:\\\/\\\/ivonneblanc.com\\\/ivonne-blanc-psicologa-en-montevideo\\\/la-enfermedad-como-senal\\\/#article\",\"isPartOf\":{\"@id\":\"https:\\\/\\\/ivonneblanc.com\\\/ivonne-blanc-psicologa-en-montevideo\\\/la-enfermedad-como-senal\\\/\"},\"author\":{\"name\":\"Ivonne Blanc\",\"@id\":\"https:\\\/\\\/ivonneblanc.com\\\/ivonne-blanc-psicologa-en-montevideo\\\/#\\\/schema\\\/person\\\/1faf0bc4bbe8ab6f86087f6ca1a937ec\"},\"headline\":\"La enfermedad como se\u00f1al\",\"datePublished\":\"2024-06-24T18:22:39+00:00\",\"dateModified\":\"2024-06-24T18:37:18+00:00\",\"mainEntityOfPage\":{\"@id\":\"https:\\\/\\\/ivonneblanc.com\\\/ivonne-blanc-psicologa-en-montevideo\\\/la-enfermedad-como-senal\\\/\"},\"wordCount\":527,\"commentCount\":0,\"image\":{\"@id\":\"https:\\\/\\\/ivonneblanc.com\\\/ivonne-blanc-psicologa-en-montevideo\\\/la-enfermedad-como-senal\\\/#primaryimage\"},\"thumbnailUrl\":\"https:\\\/\\\/ivonneblanc.com\\\/wp-content\\\/uploads\\\/2024\\\/06\\\/Dimensiones-1.jpg\",\"articleSection\":[\"Autoayuda\"],\"inLanguage\":\"es\",\"potentialAction\":[{\"@type\":\"CommentAction\",\"name\":\"Comment\",\"target\":[\"https:\\\/\\\/ivonneblanc.com\\\/ivonne-blanc-psicologa-en-montevideo\\\/la-enfermedad-como-senal\\\/#respond\"]}]},{\"@type\":\"WebPage\",\"@id\":\"https:\\\/\\\/ivonneblanc.com\\\/ivonne-blanc-psicologa-en-montevideo\\\/la-enfermedad-como-senal\\\/\",\"url\":\"https:\\\/\\\/ivonneblanc.com\\\/ivonne-blanc-psicologa-en-montevideo\\\/la-enfermedad-como-senal\\\/\",\"name\":\"La enfermedad como se\u00f1al - Psic\u00f3loga Ivonne Blanc\",\"isPartOf\":{\"@id\":\"https:\\\/\\\/ivonneblanc.com\\\/ivonne-blanc-psicologa-en-montevideo\\\/#website\"},\"primaryImageOfPage\":{\"@id\":\"https:\\\/\\\/ivonneblanc.com\\\/ivonne-blanc-psicologa-en-montevideo\\\/la-enfermedad-como-senal\\\/#primaryimage\"},\"image\":{\"@id\":\"https:\\\/\\\/ivonneblanc.com\\\/ivonne-blanc-psicologa-en-montevideo\\\/la-enfermedad-como-senal\\\/#primaryimage\"},\"thumbnailUrl\":\"https:\\\/\\\/ivonneblanc.com\\\/wp-content\\\/uploads\\\/2024\\\/06\\\/Dimensiones-1.jpg\",\"datePublished\":\"2024-06-24T18:22:39+00:00\",\"dateModified\":\"2024-06-24T18:37:18+00:00\",\"author\":{\"@id\":\"https:\\\/\\\/ivonneblanc.com\\\/ivonne-blanc-psicologa-en-montevideo\\\/#\\\/schema\\\/person\\\/1faf0bc4bbe8ab6f86087f6ca1a937ec\"},\"description\":\"Palabra fuerte si las hay. Te invito en este art\u00edculo a ver la enfermedad como la oportunidad de revisar aspectos de tu vida que influyen.\",\"breadcrumb\":{\"@id\":\"https:\\\/\\\/ivonneblanc.com\\\/ivonne-blanc-psicologa-en-montevideo\\\/la-enfermedad-como-senal\\\/#breadcrumb\"},\"inLanguage\":\"es\",\"potentialAction\":[{\"@type\":\"ReadAction\",\"target\":[\"https:\\\/\\\/ivonneblanc.com\\\/ivonne-blanc-psicologa-en-montevideo\\\/la-enfermedad-como-senal\\\/\"]}]},{\"@type\":\"ImageObject\",\"inLanguage\":\"es\",\"@id\":\"https:\\\/\\\/ivonneblanc.com\\\/ivonne-blanc-psicologa-en-montevideo\\\/la-enfermedad-como-senal\\\/#primaryimage\",\"url\":\"https:\\\/\\\/ivonneblanc.com\\\/wp-content\\\/uploads\\\/2024\\\/06\\\/Dimensiones-1.jpg\",\"contentUrl\":\"https:\\\/\\\/ivonneblanc.com\\\/wp-content\\\/uploads\\\/2024\\\/06\\\/Dimensiones-1.jpg\"},{\"@type\":\"BreadcrumbList\",\"@id\":\"https:\\\/\\\/ivonneblanc.com\\\/ivonne-blanc-psicologa-en-montevideo\\\/la-enfermedad-como-senal\\\/#breadcrumb\",\"itemListElement\":[{\"@type\":\"ListItem\",\"position\":1,\"name\":\"Portada\",\"item\":\"https:\\\/\\\/ivonneblanc.com\\\/ivonne-blanc-psicologa-en-montevideo\\\/\"},{\"@type\":\"ListItem\",\"position\":2,\"name\":\"La enfermedad como se\u00f1al\"}]},{\"@type\":\"WebSite\",\"@id\":\"https:\\\/\\\/ivonneblanc.com\\\/ivonne-blanc-psicologa-en-montevideo\\\/#website\",\"url\":\"https:\\\/\\\/ivonneblanc.com\\\/ivonne-blanc-psicologa-en-montevideo\\\/\",\"name\":\"Psic\u00f3loga Ivonne Blanc\",\"description\":\"\",\"potentialAction\":[{\"@type\":\"SearchAction\",\"target\":{\"@type\":\"EntryPoint\",\"urlTemplate\":\"https:\\\/\\\/ivonneblanc.com\\\/ivonne-blanc-psicologa-en-montevideo\\\/?s={search_term_string}\"},\"query-input\":{\"@type\":\"PropertyValueSpecification\",\"valueRequired\":true,\"valueName\":\"search_term_string\"}}],\"inLanguage\":\"es\"},{\"@type\":\"Person\",\"@id\":\"https:\\\/\\\/ivonneblanc.com\\\/ivonne-blanc-psicologa-en-montevideo\\\/#\\\/schema\\\/person\\\/1faf0bc4bbe8ab6f86087f6ca1a937ec\",\"name\":\"Ivonne Blanc\",\"image\":{\"@type\":\"ImageObject\",\"inLanguage\":\"es\",\"@id\":\"https:\\\/\\\/secure.gravatar.com\\\/avatar\\\/506f20d83de1cae332248fa767102ec0a72e2f18fdaf845cd11c50a131481b16?s=96&d=mm&r=g\",\"url\":\"https:\\\/\\\/secure.gravatar.com\\\/avatar\\\/506f20d83de1cae332248fa767102ec0a72e2f18fdaf845cd11c50a131481b16?s=96&d=mm&r=g\",\"contentUrl\":\"https:\\\/\\\/secure.gravatar.com\\\/avatar\\\/506f20d83de1cae332248fa767102ec0a72e2f18fdaf845cd11c50a131481b16?s=96&d=mm&r=g\",\"caption\":\"Ivonne Blanc\"},\"sameAs\":[\"https:\\\/\\\/ivonneblanc.com\",\"https:\\\/\\\/www.facebook.com\\\/PsicologaIvonneBlanc\"],\"url\":\"https:\\\/\\\/ivonneblanc.com\\\/ivonne-blanc-psicologa-en-montevideo\\\/author\\\/ivonne\\\/\"}]}<\/script>\n<!-- \/ Yoast SEO plugin. -->","yoast_head_json":{"title":"La enfermedad como se\u00f1al - Psic\u00f3loga Ivonne Blanc","description":"Palabra fuerte si las hay. Te invito en este art\u00edculo a ver la enfermedad como la oportunidad de revisar aspectos de tu vida que influyen.","robots":{"index":"index","follow":"follow","max-snippet":"max-snippet:-1","max-image-preview":"max-image-preview:large","max-video-preview":"max-video-preview:-1"},"canonical":"https:\/\/ivonneblanc.com\/ivonne-blanc-psicologa-en-montevideo\/la-enfermedad-como-senal\/","og_locale":"es_ES","og_type":"article","og_title":"La enfermedad como se\u00f1al - Psic\u00f3loga Ivonne Blanc","og_description":"Palabra fuerte si las hay. Te invito en este art\u00edculo a ver la enfermedad como la oportunidad de revisar aspectos de tu vida que influyen.","og_url":"https:\/\/ivonneblanc.com\/ivonne-blanc-psicologa-en-montevideo\/la-enfermedad-como-senal\/","og_site_name":"Psic\u00f3loga Ivonne Blanc","article_author":"https:\/\/www.facebook.com\/PsicologaIvonneBlanc","article_published_time":"2024-06-24T18:22:39+00:00","article_modified_time":"2024-06-24T18:37:18+00:00","og_image":[{"url":"https:\/\/ivonneblanc.com\/wp-content\/uploads\/2024\/06\/Dimensiones-1.jpg","type":"","width":"","height":""}],"author":"Ivonne Blanc","twitter_card":"summary_large_image","twitter_misc":{"Escrito por":"Ivonne Blanc","Tiempo de lectura":"3 minutos"},"schema":{"@context":"https:\/\/schema.org","@graph":[{"@type":"Article","@id":"https:\/\/ivonneblanc.com\/ivonne-blanc-psicologa-en-montevideo\/la-enfermedad-como-senal\/#article","isPartOf":{"@id":"https:\/\/ivonneblanc.com\/ivonne-blanc-psicologa-en-montevideo\/la-enfermedad-como-senal\/"},"author":{"name":"Ivonne Blanc","@id":"https:\/\/ivonneblanc.com\/ivonne-blanc-psicologa-en-montevideo\/#\/schema\/person\/1faf0bc4bbe8ab6f86087f6ca1a937ec"},"headline":"La enfermedad como se\u00f1al","datePublished":"2024-06-24T18:22:39+00:00","dateModified":"2024-06-24T18:37:18+00:00","mainEntityOfPage":{"@id":"https:\/\/ivonneblanc.com\/ivonne-blanc-psicologa-en-montevideo\/la-enfermedad-como-senal\/"},"wordCount":527,"commentCount":0,"image":{"@id":"https:\/\/ivonneblanc.com\/ivonne-blanc-psicologa-en-montevideo\/la-enfermedad-como-senal\/#primaryimage"},"thumbnailUrl":"https:\/\/ivonneblanc.com\/wp-content\/uploads\/2024\/06\/Dimensiones-1.jpg","articleSection":["Autoayuda"],"inLanguage":"es","potentialAction":[{"@type":"CommentAction","name":"Comment","target":["https:\/\/ivonneblanc.com\/ivonne-blanc-psicologa-en-montevideo\/la-enfermedad-como-senal\/#respond"]}]},{"@type":"WebPage","@id":"https:\/\/ivonneblanc.com\/ivonne-blanc-psicologa-en-montevideo\/la-enfermedad-como-senal\/","url":"https:\/\/ivonneblanc.com\/ivonne-blanc-psicologa-en-montevideo\/la-enfermedad-como-senal\/","name":"La enfermedad como se\u00f1al - Psic\u00f3loga Ivonne Blanc","isPartOf":{"@id":"https:\/\/ivonneblanc.com\/ivonne-blanc-psicologa-en-montevideo\/#website"},"primaryImageOfPage":{"@id":"https:\/\/ivonneblanc.com\/ivonne-blanc-psicologa-en-montevideo\/la-enfermedad-como-senal\/#primaryimage"},"image":{"@id":"https:\/\/ivonneblanc.com\/ivonne-blanc-psicologa-en-montevideo\/la-enfermedad-como-senal\/#primaryimage"},"thumbnailUrl":"https:\/\/ivonneblanc.com\/wp-content\/uploads\/2024\/06\/Dimensiones-1.jpg","datePublished":"2024-06-24T18:22:39+00:00","dateModified":"2024-06-24T18:37:18+00:00","author":{"@id":"https:\/\/ivonneblanc.com\/ivonne-blanc-psicologa-en-montevideo\/#\/schema\/person\/1faf0bc4bbe8ab6f86087f6ca1a937ec"},"description":"Palabra fuerte si las hay. Te invito en este art\u00edculo a ver la enfermedad como la oportunidad de revisar aspectos de tu vida que influyen.","breadcrumb":{"@id":"https:\/\/ivonneblanc.com\/ivonne-blanc-psicologa-en-montevideo\/la-enfermedad-como-senal\/#breadcrumb"},"inLanguage":"es","potentialAction":[{"@type":"ReadAction","target":["https:\/\/ivonneblanc.com\/ivonne-blanc-psicologa-en-montevideo\/la-enfermedad-como-senal\/"]}]},{"@type":"ImageObject","inLanguage":"es","@id":"https:\/\/ivonneblanc.com\/ivonne-blanc-psicologa-en-montevideo\/la-enfermedad-como-senal\/#primaryimage","url":"https:\/\/ivonneblanc.com\/wp-content\/uploads\/2024\/06\/Dimensiones-1.jpg","contentUrl":"https:\/\/ivonneblanc.com\/wp-content\/uploads\/2024\/06\/Dimensiones-1.jpg"},{"@type":"BreadcrumbList","@id":"https:\/\/ivonneblanc.com\/ivonne-blanc-psicologa-en-montevideo\/la-enfermedad-como-senal\/#breadcrumb","itemListElement":[{"@type":"ListItem","position":1,"name":"Portada","item":"https:\/\/ivonneblanc.com\/ivonne-blanc-psicologa-en-montevideo\/"},{"@type":"ListItem","position":2,"name":"La enfermedad como se\u00f1al"}]},{"@type":"WebSite","@id":"https:\/\/ivonneblanc.com\/ivonne-blanc-psicologa-en-montevideo\/#website","url":"https:\/\/ivonneblanc.com\/ivonne-blanc-psicologa-en-montevideo\/","name":"Psic\u00f3loga Ivonne Blanc","description":"","potentialAction":[{"@type":"SearchAction","target":{"@type":"EntryPoint","urlTemplate":"https:\/\/ivonneblanc.com\/ivonne-blanc-psicologa-en-montevideo\/?s={search_term_string}"},"query-input":{"@type":"PropertyValueSpecification","valueRequired":true,"valueName":"search_term_string"}}],"inLanguage":"es"},{"@type":"Person","@id":"https:\/\/ivonneblanc.com\/ivonne-blanc-psicologa-en-montevideo\/#\/schema\/person\/1faf0bc4bbe8ab6f86087f6ca1a937ec","name":"Ivonne Blanc","image":{"@type":"ImageObject","inLanguage":"es","@id":"https:\/\/secure.gravatar.com\/avatar\/506f20d83de1cae332248fa767102ec0a72e2f18fdaf845cd11c50a131481b16?s=96&d=mm&r=g","url":"https:\/\/secure.gravatar.com\/avatar\/506f20d83de1cae332248fa767102ec0a72e2f18fdaf845cd11c50a131481b16?s=96&d=mm&r=g","contentUrl":"https:\/\/secure.gravatar.com\/avatar\/506f20d83de1cae332248fa767102ec0a72e2f18fdaf845cd11c50a131481b16?s=96&d=mm&r=g","caption":"Ivonne Blanc"},"sameAs":["https:\/\/ivonneblanc.com","https:\/\/www.facebook.com\/PsicologaIvonneBlanc"],"url":"https:\/\/ivonneblanc.com\/ivonne-blanc-psicologa-en-montevideo\/author\/ivonne\/"}]}},"_links":{"self":[{"href":"https:\/\/ivonneblanc.com\/ivonne-blanc-psicologa-en-montevideo\/wp-json\/wp\/v2\/posts\/30","targetHints":{"allow":["GET"]}}],"collection":[{"href":"https:\/\/ivonneblanc.com\/ivonne-blanc-psicologa-en-montevideo\/wp-json\/wp\/v2\/posts"}],"about":[{"href":"https:\/\/ivonneblanc.com\/ivonne-blanc-psicologa-en-montevideo\/wp-json\/wp\/v2\/types\/post"}],"author":[{"embeddable":true,"href":"https:\/\/ivonneblanc.com\/ivonne-blanc-psicologa-en-montevideo\/wp-json\/wp\/v2\/users\/4"}],"replies":[{"embeddable":true,"href":"https:\/\/ivonneblanc.com\/ivonne-blanc-psicologa-en-montevideo\/wp-json\/wp\/v2\/comments?post=30"}],"version-history":[{"count":5,"href":"https:\/\/ivonneblanc.com\/ivonne-blanc-psicologa-en-montevideo\/wp-json\/wp\/v2\/posts\/30\/revisions"}],"predecessor-version":[{"id":633,"href":"https:\/\/ivonneblanc.com\/ivonne-blanc-psicologa-en-montevideo\/wp-json\/wp\/v2\/posts\/30\/revisions\/633"}],"wp:attachment":[{"href":"https:\/\/ivonneblanc.com\/ivonne-blanc-psicologa-en-montevideo\/wp-json\/wp\/v2\/media?parent=30"}],"wp:term":[{"taxonomy":"category","embeddable":true,"href":"https:\/\/ivonneblanc.com\/ivonne-blanc-psicologa-en-montevideo\/wp-json\/wp\/v2\/categories?post=30"},{"taxonomy":"post_tag","embeddable":true,"href":"https:\/\/ivonneblanc.com\/ivonne-blanc-psicologa-en-montevideo\/wp-json\/wp\/v2\/tags?post=30"}],"curies":[{"name":"wp","href":"https:\/\/api.w.org\/{rel}","templated":true}]}}