{"id":1238,"date":"2025-05-29T19:10:58","date_gmt":"2025-05-29T19:10:58","guid":{"rendered":"https:\/\/ivonneblanc.com\/ivonne-blanc-psicologa-en-montevideo\/?p=1238"},"modified":"2025-05-29T19:10:58","modified_gmt":"2025-05-29T19:10:58","slug":"calma-y-cansancio","status":"publish","type":"post","link":"https:\/\/ivonneblanc.com\/ivonne-blanc-psicologa-en-montevideo\/calma-y-cansancio\/","title":{"rendered":"Calma y cansancio."},"content":{"rendered":"<p><a href=\"https:\/\/ivonneblanc.com\/wp-content\/uploads\/2025\/05\/lotus-7491929_1280.jpg\"><img loading=\"lazy\" decoding=\"async\" class=\"alignnone size-full wp-image-1240\" src=\"https:\/\/ivonneblanc.com\/wp-content\/uploads\/2025\/05\/lotus-7491929_1280.jpg\" alt=\"calma y cansancio\" width=\"1280\" height=\"759\" srcset=\"https:\/\/ivonneblanc.com\/wp-content\/uploads\/2025\/05\/lotus-7491929_1280.jpg 1280w, https:\/\/ivonneblanc.com\/wp-content\/uploads\/2025\/05\/lotus-7491929_1280-300x178.jpg 300w, https:\/\/ivonneblanc.com\/wp-content\/uploads\/2025\/05\/lotus-7491929_1280-1024x607.jpg 1024w, https:\/\/ivonneblanc.com\/wp-content\/uploads\/2025\/05\/lotus-7491929_1280-768x455.jpg 768w, https:\/\/ivonneblanc.com\/wp-content\/uploads\/2025\/05\/lotus-7491929_1280-192x114.jpg 192w\" sizes=\"auto, (max-width: 1280px) 100vw, 1280px\" \/><\/a><\/p>\n<p>En varias oportunidades he visto que se confunde calma con cansancio.<\/p>\n<p>Y sobre todo lo he visto en personas que tienen <a href=\"https:\/\/ivonneblanc.com\/ivonne-blanc-psicologa-en-montevideo\/cuerpo-estres-cronico-y-trauma\/\">poco contacto con su sentir<\/a> y que adem\u00e1s tienen una hiperactivaci\u00f3n de su sistema nervioso.<\/p>\n<p>Esto es, que viven en alerta y que adem\u00e1s \u201cnecesitan el alerta para seguir alerta\u201d.<\/p>\n<h3><a href=\"https:\/\/ivonneblanc.com\/ivonne-blanc-psicologa-en-montevideo\/la-respuesta-esta-en-la-calma\/\">Calma<\/a><\/h3>\n<p>Para no entrar en tecnicismos (porque no es la idea) la calma se puede percibir como tranquilidad, <a href=\"https:\/\/ivonneblanc.com\/ivonne-blanc-psicologa-en-montevideo\/antes-de-trabajar-tu-regulacion\/\">claridad<\/a>, una sensaci\u00f3n en general agradable a nivel del cuerpo, que puede implicar soltura, liviandad y flexibilidad.<\/p>\n<p>En l\u00edneas generales, ser\u00eda una sensaci\u00f3n de <a href=\"https:\/\/ivonneblanc.com\/ivonne-blanc-psicologa-en-montevideo\/la-verdadera-presencia\/\">comodidad<\/a>. Aunque al principio cuando contactas con ella (como todo lo nuevo) quiz\u00e1 no es tan c\u00f3moda.<\/p>\n<p>Pero a la vez, la calma implicar\u00eda ganas.<\/p>\n<p>Energ\u00eda (no agitaci\u00f3n) motivaci\u00f3n para ocuparte de cosas que te interesan, que a su vez te motivan. Posibilidad de disfrute.<\/p>\n<p>Adem\u00e1s, se podr\u00eda percibir cierta sensaci\u00f3n de firmeza a nivel del cuerpo.<\/p>\n<p>Quiero decir, no es como que estuvieras volando, sino que tus pies se sienten apoyados en el piso, sientes el peso de tu cuerpo, tu eje ( la columna se siente firme).<\/p>\n<p>Es sentir claridad <a href=\"https:\/\/ivonneblanc.com\/ivonne-blanc-psicologa-en-montevideo\/sentirte-en-paz-pese-a-la-tormenta\/\">en momentos dif\u00edciles<\/a>. No es estar inactivo, como habl\u00e9 en otro <a href=\"https:\/\/ivonneblanc.com\/ivonne-blanc-psicologa-en-montevideo\/calma-y-pasividad\/\">art\u00edculo<\/a>.<\/p>\n<p>Es estar activ @desde la seguridad y no desde la agitaci\u00f3n.<\/p>\n<h3>Cansancio<\/h3>\n<p>El cansancio no dejar\u00eda lugar a la energ\u00eda. Y mucho menos a la claridad.<\/p>\n<p>El cuerpo te pesa, pero no de firmeza. La sensaci\u00f3n sentida tiene que ver con rigidez y no es para nada c\u00f3modo.<\/p>\n<p>Cuando est\u00e1s cansad@, no hay espacio para hacer cosas que te interesan, o el espacio es menor.<\/p>\n<p>El cansancio disminuye la posibilidad de disfrute.<\/p>\n<p>Y muchas veces se siente como que te mueves por inercia.<\/p>\n<p>Es habitual sentir como que estuvi\u00e9ramos volando. Y es probable sentir (o no) agitaci\u00f3n interna.<\/p>\n<h3>\u201cCada vez que vengo a la consulta, me siento cansad@\u201d<\/h3>\n<p>Y esto me lo han planteado en varias oportunidades.<\/p>\n<p>La lectura puede ser la siguiente:<\/p>\n<p>Por un lado, el hecho de que en la consulta (sobre todo cuando trabajamos a nivel som\u00e1tico) sentimos lo que no sentimos en lo cotidiano.<\/p>\n<p>Hay tanta poca conciencia del cuerpo en lo cotidiano, que a veces estamos cansad@s y no nos damos cuenta.<\/p>\n<p>Por otra parte, el trabajo a nivel <a href=\"https:\/\/ivonneblanc.com\/ivonne-blanc-psicologa-en-montevideo\/sanar-desde-la-experiencia-somatica\/\">fisiol\u00f3gico<\/a> que se realiza con las <a href=\"https:\/\/ivonneblanc.com\/ivonne-blanc-psicologa-en-montevideo\/curarte-esta-en-ti-brainspotting\/\">t\u00e9cnicas de procesamiento de trauma<\/a> (por lo menos con las que yo trabajo) genera un cansancio propio del trabajo profundo realizado.<\/p>\n<p>Adem\u00e1s de que l@s consultantes siguen procesando por un par de horas lo trabajado en sesi\u00f3n.<\/p>\n<p>Muchas veces, puede suceder que el solo contactar con las situaciones traum\u00e1ticas hagan que nuestro sistema nervioso se desconecte y sienta sue\u00f1o o cansancio, pero esas cuestiones son muy bien manejadas por un especialista en Trauma.<\/p>\n<h3>Atender el cuerpo<\/h3>\n<p>Te sugiero est\u00e9s atent@ a las<a href=\"https:\/\/ivonneblanc.com\/ivonne-blanc-psicologa-en-montevideo\/la-importancia-del-cuerpo-en-las-consultas\/\"> se\u00f1ales de tu cuerpo<\/a> y observes si te sientes identificad@ con uno u otro estado.<\/p>\n<p>Desde ya, esta descripci\u00f3n es general.<\/p>\n<p>Cada cuerpo se manifiesta de diversas formas y por eso es bueno poder generar un acompa\u00f1amiento con alguien entendido en el tema.<\/p>\n<p>Cada consultante y <a href=\"https:\/\/ivonneblanc.com\/ivonne-blanc-psicologa-en-montevideo\/poder-pedir-ayuda\/\">acompa\u00f1amiento<\/a> son diferentes.<\/p>\n","protected":false},"excerpt":{"rendered":"<p>En varias oportunidades he visto que se confunde calma con cansancio. Y sobre todo lo he visto en personas que tienen poco contacto con su sentir y que adem\u00e1s tienen una hiperactivaci\u00f3n de su sistema nervioso. Esto es, que viven en alerta y que adem\u00e1s \u201cnecesitan el alerta para seguir alerta\u201d. Calma Para no entrar &hellip; <a href=\"https:\/\/ivonneblanc.com\/ivonne-blanc-psicologa-en-montevideo\/calma-y-cansancio\/\" class=\"more-link\">Contin\u00faa leyendo <span class=\"screen-reader-text\">Calma y cansancio.<\/span><\/a><\/p>\n","protected":false},"author":4,"featured_media":0,"comment_status":"open","ping_status":"open","sticky":false,"template":"","format":"standard","meta":{"_joinchat":[],"footnotes":""},"categories":[1],"tags":[],"class_list":["post-1238","post","type-post","status-publish","format-standard","hentry","category-autoayuda"],"yoast_head":"<!-- This site is optimized with the Yoast SEO plugin v27.5 - https:\/\/yoast.com\/product\/yoast-seo-wordpress\/ -->\n<title>Calma y cansancio. - Psic\u00f3loga Ivonne Blanc<\/title>\n<meta name=\"description\" content=\"En varias oportunidades he visto que las personas confundiimos calma y cansancio. En este art\u00edculo describo diferencias.\" \/>\n<meta name=\"robots\" content=\"index, follow, max-snippet:-1, max-image-preview:large, max-video-preview:-1\" \/>\n<link rel=\"canonical\" href=\"https:\/\/ivonneblanc.com\/ivonne-blanc-psicologa-en-montevideo\/calma-y-cansancio\/\" \/>\n<meta property=\"og:locale\" content=\"es_ES\" \/>\n<meta property=\"og:type\" content=\"article\" \/>\n<meta property=\"og:title\" content=\"Calma y cansancio. - Psic\u00f3loga Ivonne Blanc\" \/>\n<meta property=\"og:description\" content=\"En varias oportunidades he visto que las personas confundiimos calma y cansancio. En este art\u00edculo describo diferencias.\" \/>\n<meta property=\"og:url\" content=\"https:\/\/ivonneblanc.com\/ivonne-blanc-psicologa-en-montevideo\/calma-y-cansancio\/\" \/>\n<meta property=\"og:site_name\" content=\"Psic\u00f3loga Ivonne Blanc\" \/>\n<meta property=\"article:author\" content=\"https:\/\/www.facebook.com\/PsicologaIvonneBlanc\" \/>\n<meta property=\"article:published_time\" content=\"2025-05-29T19:10:58+00:00\" \/>\n<meta property=\"og:image\" content=\"https:\/\/ivonneblanc.com\/wp-content\/uploads\/2025\/05\/lotus-7491929_1280.jpg\" \/>\n\t<meta property=\"og:image:width\" content=\"1280\" \/>\n\t<meta property=\"og:image:height\" content=\"759\" \/>\n\t<meta property=\"og:image:type\" content=\"image\/jpeg\" \/>\n<meta name=\"author\" content=\"Ivonne Blanc\" \/>\n<meta name=\"twitter:card\" content=\"summary_large_image\" \/>\n<meta name=\"twitter:label1\" content=\"Escrito por\" \/>\n\t<meta name=\"twitter:data1\" content=\"Ivonne Blanc\" \/>\n\t<meta name=\"twitter:label2\" content=\"Tiempo de lectura\" \/>\n\t<meta name=\"twitter:data2\" content=\"3 minutos\" \/>\n<script type=\"application\/ld+json\" class=\"yoast-schema-graph\">{\"@context\":\"https:\\\/\\\/schema.org\",\"@graph\":[{\"@type\":\"Article\",\"@id\":\"https:\\\/\\\/ivonneblanc.com\\\/ivonne-blanc-psicologa-en-montevideo\\\/calma-y-cansancio\\\/#article\",\"isPartOf\":{\"@id\":\"https:\\\/\\\/ivonneblanc.com\\\/ivonne-blanc-psicologa-en-montevideo\\\/calma-y-cansancio\\\/\"},\"author\":{\"name\":\"Ivonne Blanc\",\"@id\":\"https:\\\/\\\/ivonneblanc.com\\\/ivonne-blanc-psicologa-en-montevideo\\\/#\\\/schema\\\/person\\\/1faf0bc4bbe8ab6f86087f6ca1a937ec\"},\"headline\":\"Calma y cansancio.\",\"datePublished\":\"2025-05-29T19:10:58+00:00\",\"mainEntityOfPage\":{\"@id\":\"https:\\\/\\\/ivonneblanc.com\\\/ivonne-blanc-psicologa-en-montevideo\\\/calma-y-cansancio\\\/\"},\"wordCount\":549,\"commentCount\":0,\"image\":{\"@id\":\"https:\\\/\\\/ivonneblanc.com\\\/ivonne-blanc-psicologa-en-montevideo\\\/calma-y-cansancio\\\/#primaryimage\"},\"thumbnailUrl\":\"https:\\\/\\\/ivonneblanc.com\\\/wp-content\\\/uploads\\\/2025\\\/05\\\/lotus-7491929_1280.jpg\",\"articleSection\":[\"Autoayuda\"],\"inLanguage\":\"es\",\"potentialAction\":[{\"@type\":\"CommentAction\",\"name\":\"Comment\",\"target\":[\"https:\\\/\\\/ivonneblanc.com\\\/ivonne-blanc-psicologa-en-montevideo\\\/calma-y-cansancio\\\/#respond\"]}]},{\"@type\":\"WebPage\",\"@id\":\"https:\\\/\\\/ivonneblanc.com\\\/ivonne-blanc-psicologa-en-montevideo\\\/calma-y-cansancio\\\/\",\"url\":\"https:\\\/\\\/ivonneblanc.com\\\/ivonne-blanc-psicologa-en-montevideo\\\/calma-y-cansancio\\\/\",\"name\":\"Calma y cansancio. - Psic\u00f3loga Ivonne Blanc\",\"isPartOf\":{\"@id\":\"https:\\\/\\\/ivonneblanc.com\\\/ivonne-blanc-psicologa-en-montevideo\\\/#website\"},\"primaryImageOfPage\":{\"@id\":\"https:\\\/\\\/ivonneblanc.com\\\/ivonne-blanc-psicologa-en-montevideo\\\/calma-y-cansancio\\\/#primaryimage\"},\"image\":{\"@id\":\"https:\\\/\\\/ivonneblanc.com\\\/ivonne-blanc-psicologa-en-montevideo\\\/calma-y-cansancio\\\/#primaryimage\"},\"thumbnailUrl\":\"https:\\\/\\\/ivonneblanc.com\\\/wp-content\\\/uploads\\\/2025\\\/05\\\/lotus-7491929_1280.jpg\",\"datePublished\":\"2025-05-29T19:10:58+00:00\",\"author\":{\"@id\":\"https:\\\/\\\/ivonneblanc.com\\\/ivonne-blanc-psicologa-en-montevideo\\\/#\\\/schema\\\/person\\\/1faf0bc4bbe8ab6f86087f6ca1a937ec\"},\"description\":\"En varias oportunidades he visto que las personas confundiimos calma y cansancio. En este art\u00edculo describo diferencias.\",\"breadcrumb\":{\"@id\":\"https:\\\/\\\/ivonneblanc.com\\\/ivonne-blanc-psicologa-en-montevideo\\\/calma-y-cansancio\\\/#breadcrumb\"},\"inLanguage\":\"es\",\"potentialAction\":[{\"@type\":\"ReadAction\",\"target\":[\"https:\\\/\\\/ivonneblanc.com\\\/ivonne-blanc-psicologa-en-montevideo\\\/calma-y-cansancio\\\/\"]}]},{\"@type\":\"ImageObject\",\"inLanguage\":\"es\",\"@id\":\"https:\\\/\\\/ivonneblanc.com\\\/ivonne-blanc-psicologa-en-montevideo\\\/calma-y-cansancio\\\/#primaryimage\",\"url\":\"https:\\\/\\\/ivonneblanc.com\\\/wp-content\\\/uploads\\\/2025\\\/05\\\/lotus-7491929_1280.jpg\",\"contentUrl\":\"https:\\\/\\\/ivonneblanc.com\\\/wp-content\\\/uploads\\\/2025\\\/05\\\/lotus-7491929_1280.jpg\"},{\"@type\":\"BreadcrumbList\",\"@id\":\"https:\\\/\\\/ivonneblanc.com\\\/ivonne-blanc-psicologa-en-montevideo\\\/calma-y-cansancio\\\/#breadcrumb\",\"itemListElement\":[{\"@type\":\"ListItem\",\"position\":1,\"name\":\"Portada\",\"item\":\"https:\\\/\\\/ivonneblanc.com\\\/ivonne-blanc-psicologa-en-montevideo\\\/\"},{\"@type\":\"ListItem\",\"position\":2,\"name\":\"Calma y cansancio.\"}]},{\"@type\":\"WebSite\",\"@id\":\"https:\\\/\\\/ivonneblanc.com\\\/ivonne-blanc-psicologa-en-montevideo\\\/#website\",\"url\":\"https:\\\/\\\/ivonneblanc.com\\\/ivonne-blanc-psicologa-en-montevideo\\\/\",\"name\":\"Psic\u00f3loga Ivonne Blanc\",\"description\":\"\",\"potentialAction\":[{\"@type\":\"SearchAction\",\"target\":{\"@type\":\"EntryPoint\",\"urlTemplate\":\"https:\\\/\\\/ivonneblanc.com\\\/ivonne-blanc-psicologa-en-montevideo\\\/?s={search_term_string}\"},\"query-input\":{\"@type\":\"PropertyValueSpecification\",\"valueRequired\":true,\"valueName\":\"search_term_string\"}}],\"inLanguage\":\"es\"},{\"@type\":\"Person\",\"@id\":\"https:\\\/\\\/ivonneblanc.com\\\/ivonne-blanc-psicologa-en-montevideo\\\/#\\\/schema\\\/person\\\/1faf0bc4bbe8ab6f86087f6ca1a937ec\",\"name\":\"Ivonne Blanc\",\"image\":{\"@type\":\"ImageObject\",\"inLanguage\":\"es\",\"@id\":\"https:\\\/\\\/secure.gravatar.com\\\/avatar\\\/506f20d83de1cae332248fa767102ec0a72e2f18fdaf845cd11c50a131481b16?s=96&d=mm&r=g\",\"url\":\"https:\\\/\\\/secure.gravatar.com\\\/avatar\\\/506f20d83de1cae332248fa767102ec0a72e2f18fdaf845cd11c50a131481b16?s=96&d=mm&r=g\",\"contentUrl\":\"https:\\\/\\\/secure.gravatar.com\\\/avatar\\\/506f20d83de1cae332248fa767102ec0a72e2f18fdaf845cd11c50a131481b16?s=96&d=mm&r=g\",\"caption\":\"Ivonne Blanc\"},\"sameAs\":[\"https:\\\/\\\/ivonneblanc.com\",\"https:\\\/\\\/www.facebook.com\\\/PsicologaIvonneBlanc\"],\"url\":\"https:\\\/\\\/ivonneblanc.com\\\/ivonne-blanc-psicologa-en-montevideo\\\/author\\\/ivonne\\\/\"}]}<\/script>\n<!-- \/ Yoast SEO plugin. -->","yoast_head_json":{"title":"Calma y cansancio. - Psic\u00f3loga Ivonne Blanc","description":"En varias oportunidades he visto que las personas confundiimos calma y cansancio. En este art\u00edculo describo diferencias.","robots":{"index":"index","follow":"follow","max-snippet":"max-snippet:-1","max-image-preview":"max-image-preview:large","max-video-preview":"max-video-preview:-1"},"canonical":"https:\/\/ivonneblanc.com\/ivonne-blanc-psicologa-en-montevideo\/calma-y-cansancio\/","og_locale":"es_ES","og_type":"article","og_title":"Calma y cansancio. - Psic\u00f3loga Ivonne Blanc","og_description":"En varias oportunidades he visto que las personas confundiimos calma y cansancio. En este art\u00edculo describo diferencias.","og_url":"https:\/\/ivonneblanc.com\/ivonne-blanc-psicologa-en-montevideo\/calma-y-cansancio\/","og_site_name":"Psic\u00f3loga Ivonne Blanc","article_author":"https:\/\/www.facebook.com\/PsicologaIvonneBlanc","article_published_time":"2025-05-29T19:10:58+00:00","og_image":[{"width":1280,"height":759,"url":"https:\/\/ivonneblanc.com\/wp-content\/uploads\/2025\/05\/lotus-7491929_1280.jpg","type":"image\/jpeg"}],"author":"Ivonne Blanc","twitter_card":"summary_large_image","twitter_misc":{"Escrito por":"Ivonne Blanc","Tiempo de lectura":"3 minutos"},"schema":{"@context":"https:\/\/schema.org","@graph":[{"@type":"Article","@id":"https:\/\/ivonneblanc.com\/ivonne-blanc-psicologa-en-montevideo\/calma-y-cansancio\/#article","isPartOf":{"@id":"https:\/\/ivonneblanc.com\/ivonne-blanc-psicologa-en-montevideo\/calma-y-cansancio\/"},"author":{"name":"Ivonne Blanc","@id":"https:\/\/ivonneblanc.com\/ivonne-blanc-psicologa-en-montevideo\/#\/schema\/person\/1faf0bc4bbe8ab6f86087f6ca1a937ec"},"headline":"Calma y cansancio.","datePublished":"2025-05-29T19:10:58+00:00","mainEntityOfPage":{"@id":"https:\/\/ivonneblanc.com\/ivonne-blanc-psicologa-en-montevideo\/calma-y-cansancio\/"},"wordCount":549,"commentCount":0,"image":{"@id":"https:\/\/ivonneblanc.com\/ivonne-blanc-psicologa-en-montevideo\/calma-y-cansancio\/#primaryimage"},"thumbnailUrl":"https:\/\/ivonneblanc.com\/wp-content\/uploads\/2025\/05\/lotus-7491929_1280.jpg","articleSection":["Autoayuda"],"inLanguage":"es","potentialAction":[{"@type":"CommentAction","name":"Comment","target":["https:\/\/ivonneblanc.com\/ivonne-blanc-psicologa-en-montevideo\/calma-y-cansancio\/#respond"]}]},{"@type":"WebPage","@id":"https:\/\/ivonneblanc.com\/ivonne-blanc-psicologa-en-montevideo\/calma-y-cansancio\/","url":"https:\/\/ivonneblanc.com\/ivonne-blanc-psicologa-en-montevideo\/calma-y-cansancio\/","name":"Calma y cansancio. - Psic\u00f3loga Ivonne Blanc","isPartOf":{"@id":"https:\/\/ivonneblanc.com\/ivonne-blanc-psicologa-en-montevideo\/#website"},"primaryImageOfPage":{"@id":"https:\/\/ivonneblanc.com\/ivonne-blanc-psicologa-en-montevideo\/calma-y-cansancio\/#primaryimage"},"image":{"@id":"https:\/\/ivonneblanc.com\/ivonne-blanc-psicologa-en-montevideo\/calma-y-cansancio\/#primaryimage"},"thumbnailUrl":"https:\/\/ivonneblanc.com\/wp-content\/uploads\/2025\/05\/lotus-7491929_1280.jpg","datePublished":"2025-05-29T19:10:58+00:00","author":{"@id":"https:\/\/ivonneblanc.com\/ivonne-blanc-psicologa-en-montevideo\/#\/schema\/person\/1faf0bc4bbe8ab6f86087f6ca1a937ec"},"description":"En varias oportunidades he visto que las personas confundiimos calma y cansancio. En este art\u00edculo describo diferencias.","breadcrumb":{"@id":"https:\/\/ivonneblanc.com\/ivonne-blanc-psicologa-en-montevideo\/calma-y-cansancio\/#breadcrumb"},"inLanguage":"es","potentialAction":[{"@type":"ReadAction","target":["https:\/\/ivonneblanc.com\/ivonne-blanc-psicologa-en-montevideo\/calma-y-cansancio\/"]}]},{"@type":"ImageObject","inLanguage":"es","@id":"https:\/\/ivonneblanc.com\/ivonne-blanc-psicologa-en-montevideo\/calma-y-cansancio\/#primaryimage","url":"https:\/\/ivonneblanc.com\/wp-content\/uploads\/2025\/05\/lotus-7491929_1280.jpg","contentUrl":"https:\/\/ivonneblanc.com\/wp-content\/uploads\/2025\/05\/lotus-7491929_1280.jpg"},{"@type":"BreadcrumbList","@id":"https:\/\/ivonneblanc.com\/ivonne-blanc-psicologa-en-montevideo\/calma-y-cansancio\/#breadcrumb","itemListElement":[{"@type":"ListItem","position":1,"name":"Portada","item":"https:\/\/ivonneblanc.com\/ivonne-blanc-psicologa-en-montevideo\/"},{"@type":"ListItem","position":2,"name":"Calma y cansancio."}]},{"@type":"WebSite","@id":"https:\/\/ivonneblanc.com\/ivonne-blanc-psicologa-en-montevideo\/#website","url":"https:\/\/ivonneblanc.com\/ivonne-blanc-psicologa-en-montevideo\/","name":"Psic\u00f3loga Ivonne Blanc","description":"","potentialAction":[{"@type":"SearchAction","target":{"@type":"EntryPoint","urlTemplate":"https:\/\/ivonneblanc.com\/ivonne-blanc-psicologa-en-montevideo\/?s={search_term_string}"},"query-input":{"@type":"PropertyValueSpecification","valueRequired":true,"valueName":"search_term_string"}}],"inLanguage":"es"},{"@type":"Person","@id":"https:\/\/ivonneblanc.com\/ivonne-blanc-psicologa-en-montevideo\/#\/schema\/person\/1faf0bc4bbe8ab6f86087f6ca1a937ec","name":"Ivonne Blanc","image":{"@type":"ImageObject","inLanguage":"es","@id":"https:\/\/secure.gravatar.com\/avatar\/506f20d83de1cae332248fa767102ec0a72e2f18fdaf845cd11c50a131481b16?s=96&d=mm&r=g","url":"https:\/\/secure.gravatar.com\/avatar\/506f20d83de1cae332248fa767102ec0a72e2f18fdaf845cd11c50a131481b16?s=96&d=mm&r=g","contentUrl":"https:\/\/secure.gravatar.com\/avatar\/506f20d83de1cae332248fa767102ec0a72e2f18fdaf845cd11c50a131481b16?s=96&d=mm&r=g","caption":"Ivonne Blanc"},"sameAs":["https:\/\/ivonneblanc.com","https:\/\/www.facebook.com\/PsicologaIvonneBlanc"],"url":"https:\/\/ivonneblanc.com\/ivonne-blanc-psicologa-en-montevideo\/author\/ivonne\/"}]}},"_links":{"self":[{"href":"https:\/\/ivonneblanc.com\/ivonne-blanc-psicologa-en-montevideo\/wp-json\/wp\/v2\/posts\/1238","targetHints":{"allow":["GET"]}}],"collection":[{"href":"https:\/\/ivonneblanc.com\/ivonne-blanc-psicologa-en-montevideo\/wp-json\/wp\/v2\/posts"}],"about":[{"href":"https:\/\/ivonneblanc.com\/ivonne-blanc-psicologa-en-montevideo\/wp-json\/wp\/v2\/types\/post"}],"author":[{"embeddable":true,"href":"https:\/\/ivonneblanc.com\/ivonne-blanc-psicologa-en-montevideo\/wp-json\/wp\/v2\/users\/4"}],"replies":[{"embeddable":true,"href":"https:\/\/ivonneblanc.com\/ivonne-blanc-psicologa-en-montevideo\/wp-json\/wp\/v2\/comments?post=1238"}],"version-history":[{"count":3,"href":"https:\/\/ivonneblanc.com\/ivonne-blanc-psicologa-en-montevideo\/wp-json\/wp\/v2\/posts\/1238\/revisions"}],"predecessor-version":[{"id":1242,"href":"https:\/\/ivonneblanc.com\/ivonne-blanc-psicologa-en-montevideo\/wp-json\/wp\/v2\/posts\/1238\/revisions\/1242"}],"wp:attachment":[{"href":"https:\/\/ivonneblanc.com\/ivonne-blanc-psicologa-en-montevideo\/wp-json\/wp\/v2\/media?parent=1238"}],"wp:term":[{"taxonomy":"category","embeddable":true,"href":"https:\/\/ivonneblanc.com\/ivonne-blanc-psicologa-en-montevideo\/wp-json\/wp\/v2\/categories?post=1238"},{"taxonomy":"post_tag","embeddable":true,"href":"https:\/\/ivonneblanc.com\/ivonne-blanc-psicologa-en-montevideo\/wp-json\/wp\/v2\/tags?post=1238"}],"curies":[{"name":"wp","href":"https:\/\/api.w.org\/{rel}","templated":true}]}}