{"id":1212,"date":"2025-05-20T20:30:39","date_gmt":"2025-05-20T20:30:39","guid":{"rendered":"https:\/\/ivonneblanc.com\/ivonne-blanc-psicologa-en-montevideo\/?p=1212"},"modified":"2025-05-20T20:32:07","modified_gmt":"2025-05-20T20:32:07","slug":"calma-y-pasividad","status":"publish","type":"post","link":"https:\/\/ivonneblanc.com\/ivonne-blanc-psicologa-en-montevideo\/calma-y-pasividad\/","title":{"rendered":"Calma y pasividad."},"content":{"rendered":"<p><a href=\"https:\/\/ivonneblanc.com\/wp-content\/uploads\/2025\/05\/woman-8839452_1280.jpg\"><img loading=\"lazy\" decoding=\"async\" class=\"alignnone size-full wp-image-1214\" src=\"https:\/\/ivonneblanc.com\/wp-content\/uploads\/2025\/05\/woman-8839452_1280.jpg\" alt=\"Calma y pasividad\" width=\"1280\" height=\"853\" srcset=\"https:\/\/ivonneblanc.com\/wp-content\/uploads\/2025\/05\/woman-8839452_1280.jpg 1280w, https:\/\/ivonneblanc.com\/wp-content\/uploads\/2025\/05\/woman-8839452_1280-300x200.jpg 300w, https:\/\/ivonneblanc.com\/wp-content\/uploads\/2025\/05\/woman-8839452_1280-1024x682.jpg 1024w, https:\/\/ivonneblanc.com\/wp-content\/uploads\/2025\/05\/woman-8839452_1280-768x512.jpg 768w, https:\/\/ivonneblanc.com\/wp-content\/uploads\/2025\/05\/woman-8839452_1280-192x128.jpg 192w\" sizes=\"auto, (max-width: 1280px) 100vw, 1280px\" \/><\/a><\/p>\n<p>Creo que la calma ha sido mal entendida. Porque muchas personas la ven como pasividad.<\/p>\n<p>Buscando la definici\u00f3n en el diccionario, me encuentro con palabras como &#8220;pachorra, quietud, reposo&#8221;.<\/p>\n<p>Y un@ puede estar presente, atent@ a lo que est\u00e1 sucediendo, realizando una actividad y a su vez estar en calma.<\/p>\n<h3><a href=\"https:\/\/ivonneblanc.com\/ivonne-blanc-psicologa-en-montevideo\/sentirte-en-paz-pese-a-la-tormenta\/\">Estar en calma bajo la tormenta<\/a>.<\/h3>\n<p>Calma no significa estar quiet@, ni siquiera en reposo.<\/p>\n<p>Podemos estar en reposo y no estar en calma.<\/p>\n<p>Despu\u00e9s de trabajar desde lo som\u00e1tico, la calma implica para m\u00ed, no salir de tu centro.<\/p>\n<p>Poder pensar claramente sin que te inunde la intranquilidad.<\/p>\n<p>En definitiva, la intranquilidad no facilita las cosas.<\/p>\n<p>Calma como la capacidad (que se puede desarrollar) de poder atravesar desaf\u00edos, sensaciones, estados con la mayor entereza posible.<\/p>\n<p>Poder estar presente en tu cuerpo, poder percibir los mensajes de tu fisiolog\u00eda, para poder darte lo que necesitas y para poder acompa\u00f1arte y acompa\u00f1ar si es necesario.<\/p>\n<p>Y todo esto dicho anteriormente se aleja much\u00edsimo de la pasividad o la pachorra.<\/p>\n<h3>La desregulaci\u00f3n y la interpretaci\u00f3n de la calma.<\/h3>\n<p>La desregulaci\u00f3n de nuestro sistema nervioso hace que percibamos que para estar ocup\u00e1ndonos de algo debemos estar alerta.<\/p>\n<p>Y no, puedes estar <a href=\"https:\/\/ivonneblanc.com\/ivonne-blanc-psicologa-en-montevideo\/antes-de-trabajar-tu-regulacion\/\">en paz y ocuparte<\/a>. Y seguro te ocupar\u00e1s <a href=\"https:\/\/ivonneblanc.com\/ivonne-blanc-psicologa-en-montevideo\/la-respuesta-esta-en-la-calma\/\">mejor<\/a>.<\/p>\n<p>Porque estar\u00e1s m\u00e1s clar@ a los est\u00edmulos. Tu pensamiento estar\u00e1 m\u00e1s claro.<\/p>\n<p>En ocasiones se siente miedo a la calma cuando hemos estado en estado de alerta constante, \u00bfpor qu\u00e9?<\/p>\n<p>Porque se interpreta el estado de paz y tranquilidad con &#8220;bajar la guardia&#8221;, y estar a la deriva frente a determinados peligros.<\/p>\n<p>Inclusive lo vemos en el trabajo <a href=\"https:\/\/ivonneblanc.com\/ivonne-blanc-psicologa-en-montevideo\/sanar-desde-la-experiencia-somatica\/\">som\u00e1tico<\/a>.<\/p>\n<p>Un sistema que ha estado en alerta continuo, debe comenzar a experimentar la calma muy de a poco, para que no lo sienta como algo peligroso para su integridad.<\/p>\n<h3>La cultura y el estado de alerta.<\/h3>\n<p>En ocasiones se incentiva socialmente el estado de alerta. De agitaci\u00f3n.<\/p>\n<p>Aqu\u00ed se vuelve a interpretar tranquilidad con la pasividad.<\/p>\n<p>No, la calma no es pasividad.<\/p>\n<p>Es estar tranquil@ a pesar de. <a href=\"https:\/\/ivonneblanc.com\/ivonne-blanc-psicologa-en-montevideo\/un-nuevo-esquema-otras-miradas\/\">Es actuar desde la armon\u00eda<\/a>.<\/p>\n<p>Y si, para llegar a este estado debes detenerte<a href=\"https:\/\/ivonneblanc.com\/ivonne-blanc-psicologa-en-montevideo\/curarte-esta-en-ti-brainspotting\/\"> un momento para percibir y percibirte.<\/a><\/p>\n<p>Pero conforme lo vas practicando se va creando una <a href=\"https:\/\/ivonneblanc.com\/ivonne-blanc-psicologa-en-montevideo\/la-reconexion-trae-una-nueva-relacion\/\">congruencia interna<\/a> que ayuda a que tus reacciones <a href=\"https:\/\/ivonneblanc.com\/ivonne-blanc-psicologa-en-montevideo\/un-cambio-organico\/\">fluyan con mayor naturalidad.<\/a><\/p>\n<p>Fomentar y habitar la calma, lejos est\u00e1 de la pasividad.<\/p>\n","protected":false},"excerpt":{"rendered":"<p>Creo que la calma ha sido mal entendida. Porque muchas personas la ven como pasividad. Buscando la definici\u00f3n en el diccionario, me encuentro con palabras como &#8220;pachorra, quietud, reposo&#8221;. Y un@ puede estar presente, atent@ a lo que est\u00e1 sucediendo, realizando una actividad y a su vez estar en calma. Estar en calma bajo la &hellip; <a href=\"https:\/\/ivonneblanc.com\/ivonne-blanc-psicologa-en-montevideo\/calma-y-pasividad\/\" class=\"more-link\">Contin\u00faa leyendo <span class=\"screen-reader-text\">Calma y pasividad.<\/span><\/a><\/p>\n","protected":false},"author":4,"featured_media":0,"comment_status":"open","ping_status":"open","sticky":false,"template":"","format":"standard","meta":{"_joinchat":[],"footnotes":""},"categories":[1],"tags":[],"class_list":["post-1212","post","type-post","status-publish","format-standard","hentry","category-autoayuda"],"yoast_head":"<!-- This site is optimized with the Yoast SEO plugin v27.5 - https:\/\/yoast.com\/product\/yoast-seo-wordpress\/ -->\n<title>Calma y pasividad. - Psic\u00f3loga Ivonne Blanc<\/title>\n<meta name=\"description\" content=\"La calma no necesariamente implica pasividad. Creo que ha sido mal entendida. Calma es estar en paz frente a la tormenta.\" \/>\n<meta name=\"robots\" content=\"index, follow, max-snippet:-1, max-image-preview:large, max-video-preview:-1\" \/>\n<link rel=\"canonical\" href=\"https:\/\/ivonneblanc.com\/ivonne-blanc-psicologa-en-montevideo\/calma-y-pasividad\/\" \/>\n<meta property=\"og:locale\" content=\"es_ES\" \/>\n<meta property=\"og:type\" content=\"article\" \/>\n<meta property=\"og:title\" content=\"Calma y pasividad. - Psic\u00f3loga Ivonne Blanc\" \/>\n<meta property=\"og:description\" content=\"La calma no necesariamente implica pasividad. Creo que ha sido mal entendida. Calma es estar en paz frente a la tormenta.\" \/>\n<meta property=\"og:url\" content=\"https:\/\/ivonneblanc.com\/ivonne-blanc-psicologa-en-montevideo\/calma-y-pasividad\/\" \/>\n<meta property=\"og:site_name\" content=\"Psic\u00f3loga Ivonne Blanc\" \/>\n<meta property=\"article:author\" content=\"https:\/\/www.facebook.com\/PsicologaIvonneBlanc\" \/>\n<meta property=\"article:published_time\" content=\"2025-05-20T20:30:39+00:00\" \/>\n<meta property=\"article:modified_time\" content=\"2025-05-20T20:32:07+00:00\" \/>\n<meta property=\"og:image\" content=\"https:\/\/ivonneblanc.com\/wp-content\/uploads\/2025\/05\/woman-8839452_1280.jpg\" \/>\n\t<meta property=\"og:image:width\" content=\"1280\" \/>\n\t<meta property=\"og:image:height\" content=\"853\" \/>\n\t<meta property=\"og:image:type\" content=\"image\/jpeg\" \/>\n<meta name=\"author\" content=\"Ivonne Blanc\" \/>\n<meta name=\"twitter:card\" content=\"summary_large_image\" \/>\n<meta name=\"twitter:label1\" content=\"Escrito por\" \/>\n\t<meta name=\"twitter:data1\" content=\"Ivonne Blanc\" \/>\n\t<meta name=\"twitter:label2\" content=\"Tiempo de lectura\" \/>\n\t<meta name=\"twitter:data2\" content=\"2 minutos\" \/>\n<script type=\"application\/ld+json\" class=\"yoast-schema-graph\">{\"@context\":\"https:\\\/\\\/schema.org\",\"@graph\":[{\"@type\":\"Article\",\"@id\":\"https:\\\/\\\/ivonneblanc.com\\\/ivonne-blanc-psicologa-en-montevideo\\\/calma-y-pasividad\\\/#article\",\"isPartOf\":{\"@id\":\"https:\\\/\\\/ivonneblanc.com\\\/ivonne-blanc-psicologa-en-montevideo\\\/calma-y-pasividad\\\/\"},\"author\":{\"name\":\"Ivonne Blanc\",\"@id\":\"https:\\\/\\\/ivonneblanc.com\\\/ivonne-blanc-psicologa-en-montevideo\\\/#\\\/schema\\\/person\\\/1faf0bc4bbe8ab6f86087f6ca1a937ec\"},\"headline\":\"Calma y pasividad.\",\"datePublished\":\"2025-05-20T20:30:39+00:00\",\"dateModified\":\"2025-05-20T20:32:07+00:00\",\"mainEntityOfPage\":{\"@id\":\"https:\\\/\\\/ivonneblanc.com\\\/ivonne-blanc-psicologa-en-montevideo\\\/calma-y-pasividad\\\/\"},\"wordCount\":408,\"commentCount\":0,\"image\":{\"@id\":\"https:\\\/\\\/ivonneblanc.com\\\/ivonne-blanc-psicologa-en-montevideo\\\/calma-y-pasividad\\\/#primaryimage\"},\"thumbnailUrl\":\"https:\\\/\\\/ivonneblanc.com\\\/wp-content\\\/uploads\\\/2025\\\/05\\\/woman-8839452_1280.jpg\",\"articleSection\":[\"Autoayuda\"],\"inLanguage\":\"es\",\"potentialAction\":[{\"@type\":\"CommentAction\",\"name\":\"Comment\",\"target\":[\"https:\\\/\\\/ivonneblanc.com\\\/ivonne-blanc-psicologa-en-montevideo\\\/calma-y-pasividad\\\/#respond\"]}]},{\"@type\":\"WebPage\",\"@id\":\"https:\\\/\\\/ivonneblanc.com\\\/ivonne-blanc-psicologa-en-montevideo\\\/calma-y-pasividad\\\/\",\"url\":\"https:\\\/\\\/ivonneblanc.com\\\/ivonne-blanc-psicologa-en-montevideo\\\/calma-y-pasividad\\\/\",\"name\":\"Calma y pasividad. - Psic\u00f3loga Ivonne Blanc\",\"isPartOf\":{\"@id\":\"https:\\\/\\\/ivonneblanc.com\\\/ivonne-blanc-psicologa-en-montevideo\\\/#website\"},\"primaryImageOfPage\":{\"@id\":\"https:\\\/\\\/ivonneblanc.com\\\/ivonne-blanc-psicologa-en-montevideo\\\/calma-y-pasividad\\\/#primaryimage\"},\"image\":{\"@id\":\"https:\\\/\\\/ivonneblanc.com\\\/ivonne-blanc-psicologa-en-montevideo\\\/calma-y-pasividad\\\/#primaryimage\"},\"thumbnailUrl\":\"https:\\\/\\\/ivonneblanc.com\\\/wp-content\\\/uploads\\\/2025\\\/05\\\/woman-8839452_1280.jpg\",\"datePublished\":\"2025-05-20T20:30:39+00:00\",\"dateModified\":\"2025-05-20T20:32:07+00:00\",\"author\":{\"@id\":\"https:\\\/\\\/ivonneblanc.com\\\/ivonne-blanc-psicologa-en-montevideo\\\/#\\\/schema\\\/person\\\/1faf0bc4bbe8ab6f86087f6ca1a937ec\"},\"description\":\"La calma no necesariamente implica pasividad. Creo que ha sido mal entendida. Calma es estar en paz frente a la tormenta.\",\"breadcrumb\":{\"@id\":\"https:\\\/\\\/ivonneblanc.com\\\/ivonne-blanc-psicologa-en-montevideo\\\/calma-y-pasividad\\\/#breadcrumb\"},\"inLanguage\":\"es\",\"potentialAction\":[{\"@type\":\"ReadAction\",\"target\":[\"https:\\\/\\\/ivonneblanc.com\\\/ivonne-blanc-psicologa-en-montevideo\\\/calma-y-pasividad\\\/\"]}]},{\"@type\":\"ImageObject\",\"inLanguage\":\"es\",\"@id\":\"https:\\\/\\\/ivonneblanc.com\\\/ivonne-blanc-psicologa-en-montevideo\\\/calma-y-pasividad\\\/#primaryimage\",\"url\":\"https:\\\/\\\/ivonneblanc.com\\\/wp-content\\\/uploads\\\/2025\\\/05\\\/woman-8839452_1280.jpg\",\"contentUrl\":\"https:\\\/\\\/ivonneblanc.com\\\/wp-content\\\/uploads\\\/2025\\\/05\\\/woman-8839452_1280.jpg\"},{\"@type\":\"BreadcrumbList\",\"@id\":\"https:\\\/\\\/ivonneblanc.com\\\/ivonne-blanc-psicologa-en-montevideo\\\/calma-y-pasividad\\\/#breadcrumb\",\"itemListElement\":[{\"@type\":\"ListItem\",\"position\":1,\"name\":\"Portada\",\"item\":\"https:\\\/\\\/ivonneblanc.com\\\/ivonne-blanc-psicologa-en-montevideo\\\/\"},{\"@type\":\"ListItem\",\"position\":2,\"name\":\"Calma y pasividad.\"}]},{\"@type\":\"WebSite\",\"@id\":\"https:\\\/\\\/ivonneblanc.com\\\/ivonne-blanc-psicologa-en-montevideo\\\/#website\",\"url\":\"https:\\\/\\\/ivonneblanc.com\\\/ivonne-blanc-psicologa-en-montevideo\\\/\",\"name\":\"Psic\u00f3loga Ivonne Blanc\",\"description\":\"\",\"potentialAction\":[{\"@type\":\"SearchAction\",\"target\":{\"@type\":\"EntryPoint\",\"urlTemplate\":\"https:\\\/\\\/ivonneblanc.com\\\/ivonne-blanc-psicologa-en-montevideo\\\/?s={search_term_string}\"},\"query-input\":{\"@type\":\"PropertyValueSpecification\",\"valueRequired\":true,\"valueName\":\"search_term_string\"}}],\"inLanguage\":\"es\"},{\"@type\":\"Person\",\"@id\":\"https:\\\/\\\/ivonneblanc.com\\\/ivonne-blanc-psicologa-en-montevideo\\\/#\\\/schema\\\/person\\\/1faf0bc4bbe8ab6f86087f6ca1a937ec\",\"name\":\"Ivonne Blanc\",\"image\":{\"@type\":\"ImageObject\",\"inLanguage\":\"es\",\"@id\":\"https:\\\/\\\/secure.gravatar.com\\\/avatar\\\/506f20d83de1cae332248fa767102ec0a72e2f18fdaf845cd11c50a131481b16?s=96&d=mm&r=g\",\"url\":\"https:\\\/\\\/secure.gravatar.com\\\/avatar\\\/506f20d83de1cae332248fa767102ec0a72e2f18fdaf845cd11c50a131481b16?s=96&d=mm&r=g\",\"contentUrl\":\"https:\\\/\\\/secure.gravatar.com\\\/avatar\\\/506f20d83de1cae332248fa767102ec0a72e2f18fdaf845cd11c50a131481b16?s=96&d=mm&r=g\",\"caption\":\"Ivonne Blanc\"},\"sameAs\":[\"https:\\\/\\\/ivonneblanc.com\",\"https:\\\/\\\/www.facebook.com\\\/PsicologaIvonneBlanc\"],\"url\":\"https:\\\/\\\/ivonneblanc.com\\\/ivonne-blanc-psicologa-en-montevideo\\\/author\\\/ivonne\\\/\"}]}<\/script>\n<!-- \/ Yoast SEO plugin. -->","yoast_head_json":{"title":"Calma y pasividad. - Psic\u00f3loga Ivonne Blanc","description":"La calma no necesariamente implica pasividad. Creo que ha sido mal entendida. Calma es estar en paz frente a la tormenta.","robots":{"index":"index","follow":"follow","max-snippet":"max-snippet:-1","max-image-preview":"max-image-preview:large","max-video-preview":"max-video-preview:-1"},"canonical":"https:\/\/ivonneblanc.com\/ivonne-blanc-psicologa-en-montevideo\/calma-y-pasividad\/","og_locale":"es_ES","og_type":"article","og_title":"Calma y pasividad. - Psic\u00f3loga Ivonne Blanc","og_description":"La calma no necesariamente implica pasividad. Creo que ha sido mal entendida. Calma es estar en paz frente a la tormenta.","og_url":"https:\/\/ivonneblanc.com\/ivonne-blanc-psicologa-en-montevideo\/calma-y-pasividad\/","og_site_name":"Psic\u00f3loga Ivonne Blanc","article_author":"https:\/\/www.facebook.com\/PsicologaIvonneBlanc","article_published_time":"2025-05-20T20:30:39+00:00","article_modified_time":"2025-05-20T20:32:07+00:00","og_image":[{"width":1280,"height":853,"url":"https:\/\/ivonneblanc.com\/wp-content\/uploads\/2025\/05\/woman-8839452_1280.jpg","type":"image\/jpeg"}],"author":"Ivonne Blanc","twitter_card":"summary_large_image","twitter_misc":{"Escrito por":"Ivonne Blanc","Tiempo de lectura":"2 minutos"},"schema":{"@context":"https:\/\/schema.org","@graph":[{"@type":"Article","@id":"https:\/\/ivonneblanc.com\/ivonne-blanc-psicologa-en-montevideo\/calma-y-pasividad\/#article","isPartOf":{"@id":"https:\/\/ivonneblanc.com\/ivonne-blanc-psicologa-en-montevideo\/calma-y-pasividad\/"},"author":{"name":"Ivonne Blanc","@id":"https:\/\/ivonneblanc.com\/ivonne-blanc-psicologa-en-montevideo\/#\/schema\/person\/1faf0bc4bbe8ab6f86087f6ca1a937ec"},"headline":"Calma y pasividad.","datePublished":"2025-05-20T20:30:39+00:00","dateModified":"2025-05-20T20:32:07+00:00","mainEntityOfPage":{"@id":"https:\/\/ivonneblanc.com\/ivonne-blanc-psicologa-en-montevideo\/calma-y-pasividad\/"},"wordCount":408,"commentCount":0,"image":{"@id":"https:\/\/ivonneblanc.com\/ivonne-blanc-psicologa-en-montevideo\/calma-y-pasividad\/#primaryimage"},"thumbnailUrl":"https:\/\/ivonneblanc.com\/wp-content\/uploads\/2025\/05\/woman-8839452_1280.jpg","articleSection":["Autoayuda"],"inLanguage":"es","potentialAction":[{"@type":"CommentAction","name":"Comment","target":["https:\/\/ivonneblanc.com\/ivonne-blanc-psicologa-en-montevideo\/calma-y-pasividad\/#respond"]}]},{"@type":"WebPage","@id":"https:\/\/ivonneblanc.com\/ivonne-blanc-psicologa-en-montevideo\/calma-y-pasividad\/","url":"https:\/\/ivonneblanc.com\/ivonne-blanc-psicologa-en-montevideo\/calma-y-pasividad\/","name":"Calma y pasividad. - Psic\u00f3loga Ivonne Blanc","isPartOf":{"@id":"https:\/\/ivonneblanc.com\/ivonne-blanc-psicologa-en-montevideo\/#website"},"primaryImageOfPage":{"@id":"https:\/\/ivonneblanc.com\/ivonne-blanc-psicologa-en-montevideo\/calma-y-pasividad\/#primaryimage"},"image":{"@id":"https:\/\/ivonneblanc.com\/ivonne-blanc-psicologa-en-montevideo\/calma-y-pasividad\/#primaryimage"},"thumbnailUrl":"https:\/\/ivonneblanc.com\/wp-content\/uploads\/2025\/05\/woman-8839452_1280.jpg","datePublished":"2025-05-20T20:30:39+00:00","dateModified":"2025-05-20T20:32:07+00:00","author":{"@id":"https:\/\/ivonneblanc.com\/ivonne-blanc-psicologa-en-montevideo\/#\/schema\/person\/1faf0bc4bbe8ab6f86087f6ca1a937ec"},"description":"La calma no necesariamente implica pasividad. Creo que ha sido mal entendida. Calma es estar en paz frente a la tormenta.","breadcrumb":{"@id":"https:\/\/ivonneblanc.com\/ivonne-blanc-psicologa-en-montevideo\/calma-y-pasividad\/#breadcrumb"},"inLanguage":"es","potentialAction":[{"@type":"ReadAction","target":["https:\/\/ivonneblanc.com\/ivonne-blanc-psicologa-en-montevideo\/calma-y-pasividad\/"]}]},{"@type":"ImageObject","inLanguage":"es","@id":"https:\/\/ivonneblanc.com\/ivonne-blanc-psicologa-en-montevideo\/calma-y-pasividad\/#primaryimage","url":"https:\/\/ivonneblanc.com\/wp-content\/uploads\/2025\/05\/woman-8839452_1280.jpg","contentUrl":"https:\/\/ivonneblanc.com\/wp-content\/uploads\/2025\/05\/woman-8839452_1280.jpg"},{"@type":"BreadcrumbList","@id":"https:\/\/ivonneblanc.com\/ivonne-blanc-psicologa-en-montevideo\/calma-y-pasividad\/#breadcrumb","itemListElement":[{"@type":"ListItem","position":1,"name":"Portada","item":"https:\/\/ivonneblanc.com\/ivonne-blanc-psicologa-en-montevideo\/"},{"@type":"ListItem","position":2,"name":"Calma y pasividad."}]},{"@type":"WebSite","@id":"https:\/\/ivonneblanc.com\/ivonne-blanc-psicologa-en-montevideo\/#website","url":"https:\/\/ivonneblanc.com\/ivonne-blanc-psicologa-en-montevideo\/","name":"Psic\u00f3loga Ivonne Blanc","description":"","potentialAction":[{"@type":"SearchAction","target":{"@type":"EntryPoint","urlTemplate":"https:\/\/ivonneblanc.com\/ivonne-blanc-psicologa-en-montevideo\/?s={search_term_string}"},"query-input":{"@type":"PropertyValueSpecification","valueRequired":true,"valueName":"search_term_string"}}],"inLanguage":"es"},{"@type":"Person","@id":"https:\/\/ivonneblanc.com\/ivonne-blanc-psicologa-en-montevideo\/#\/schema\/person\/1faf0bc4bbe8ab6f86087f6ca1a937ec","name":"Ivonne Blanc","image":{"@type":"ImageObject","inLanguage":"es","@id":"https:\/\/secure.gravatar.com\/avatar\/506f20d83de1cae332248fa767102ec0a72e2f18fdaf845cd11c50a131481b16?s=96&d=mm&r=g","url":"https:\/\/secure.gravatar.com\/avatar\/506f20d83de1cae332248fa767102ec0a72e2f18fdaf845cd11c50a131481b16?s=96&d=mm&r=g","contentUrl":"https:\/\/secure.gravatar.com\/avatar\/506f20d83de1cae332248fa767102ec0a72e2f18fdaf845cd11c50a131481b16?s=96&d=mm&r=g","caption":"Ivonne Blanc"},"sameAs":["https:\/\/ivonneblanc.com","https:\/\/www.facebook.com\/PsicologaIvonneBlanc"],"url":"https:\/\/ivonneblanc.com\/ivonne-blanc-psicologa-en-montevideo\/author\/ivonne\/"}]}},"_links":{"self":[{"href":"https:\/\/ivonneblanc.com\/ivonne-blanc-psicologa-en-montevideo\/wp-json\/wp\/v2\/posts\/1212","targetHints":{"allow":["GET"]}}],"collection":[{"href":"https:\/\/ivonneblanc.com\/ivonne-blanc-psicologa-en-montevideo\/wp-json\/wp\/v2\/posts"}],"about":[{"href":"https:\/\/ivonneblanc.com\/ivonne-blanc-psicologa-en-montevideo\/wp-json\/wp\/v2\/types\/post"}],"author":[{"embeddable":true,"href":"https:\/\/ivonneblanc.com\/ivonne-blanc-psicologa-en-montevideo\/wp-json\/wp\/v2\/users\/4"}],"replies":[{"embeddable":true,"href":"https:\/\/ivonneblanc.com\/ivonne-blanc-psicologa-en-montevideo\/wp-json\/wp\/v2\/comments?post=1212"}],"version-history":[{"count":3,"href":"https:\/\/ivonneblanc.com\/ivonne-blanc-psicologa-en-montevideo\/wp-json\/wp\/v2\/posts\/1212\/revisions"}],"predecessor-version":[{"id":1216,"href":"https:\/\/ivonneblanc.com\/ivonne-blanc-psicologa-en-montevideo\/wp-json\/wp\/v2\/posts\/1212\/revisions\/1216"}],"wp:attachment":[{"href":"https:\/\/ivonneblanc.com\/ivonne-blanc-psicologa-en-montevideo\/wp-json\/wp\/v2\/media?parent=1212"}],"wp:term":[{"taxonomy":"category","embeddable":true,"href":"https:\/\/ivonneblanc.com\/ivonne-blanc-psicologa-en-montevideo\/wp-json\/wp\/v2\/categories?post=1212"},{"taxonomy":"post_tag","embeddable":true,"href":"https:\/\/ivonneblanc.com\/ivonne-blanc-psicologa-en-montevideo\/wp-json\/wp\/v2\/tags?post=1212"}],"curies":[{"name":"wp","href":"https:\/\/api.w.org\/{rel}","templated":true}]}}